{"id":5432,"date":"2026-04-30T09:57:39","date_gmt":"2026-04-30T12:57:39","guid":{"rendered":"https:\/\/canal8.info\/?p=5432"},"modified":"2026-04-30T09:57:39","modified_gmt":"2026-04-30T12:57:39","slug":"la-provincia-de-buenos-aires-sube-las-becas-sociales-cuanto-cobraran-en-mayo-los-voluntarios-del-sae-udi-y-envion","status":"publish","type":"post","link":"https:\/\/canal8.info\/?p=5432","title":{"rendered":"La provincia de Buenos Aires sube las becas sociales: cu\u00e1nto cobrar\u00e1n en mayo los voluntarios del SAE, UDI y Envi\u00f3n"},"content":{"rendered":"\n<p>Se incrementaron los valores del esquema de becas de los Programas \u201cOrganizar Comunidad\u201d, \u201cProtecci\u00f3n Integral a Personas en Situaci\u00f3n de Calle\u201d, \u201cUnidades de Desarrollo Infantil (UDI)\u201d, \u201cServicio Alimentario Escolar (SAE)\u201d y \u201cPrograma de Responsabilidad Social Compartida ENVI\u00d3N\u201d.<\/p>\n\n\n\n<p>El Ministerio de Desarrollo de la Comunidad bonaerense actualiz\u00f3 los montos de los esquemas de becas para los programas sociales m\u00e1s importantes de la gesti\u00f3n de Axel Kicillof, con aumentos retroactivos desde febrero.<\/p>\n\n\n\n<p>El contenido al que quiere acceder es exclusivo para suscriptores.<\/p>\n\n\n\n<p>Lo hizo a trav\u00e9s de la Resoluci\u00f3n N\u00b0 865 publicada este jueves en el Bolet\u00edn Oficial del distrito que establece nuevos valores para las becas de los programas \u00abOrganizar Comunidad\u00bb, \u00abProtecci\u00f3n Integral a Personas en Situaci\u00f3n de Calle\u00bb, \u00abUnidades de Desarrollo Infantil (UDI)\u00bb, \u00abServicio Alimentario Escolar (SAE)\u00bb y \u00abPrograma de Responsabilidad Social Compartida ENVI\u00d3N\u00bb.<\/p>\n\n\n\n<p>Los incrementos se escalonaron en tres tramos. Retroactivo al 1\u00b0 de febrero, los becarios de la categor\u00eda Administrativo\/a pasaron a cobrar $739.381; los de categor\u00eda Profesional, $853.131; y los de Coordinaci\u00f3n, $966.883.<\/p>\n\n\n\n<p>Desde el 1\u00b0 de marzo -tambi\u00e9n retroactivo- los valores treparon a $775.832, $895.190 y $1.014.550 para cada categor\u00eda respectivamente. Y desde el 1\u00b0 de abril, los montos vigentes son $794.064 para Administrativo\/a, $916.227 para Profesional y $1.038.392 para Coordinaci\u00f3n.<\/p>\n\n\n\n<p>El gasto total comprometido supera los $5.825 millones, distribuidos entre dos unidades ejecutoras del Presupuesto 2026.<\/p>\n\n\n\n<p>La actualizaci\u00f3n llega en un momento de tensi\u00f3n abierta entre la Provincia y el Gobierno nacional por el financiamiento de los programas sociales. Ayer,  junto a cerca de 80 intendentes bonaerenses y otros ministros provinciales una marcha al Ministerio de Capital Humano para reclamar el pago de una deuda que la Provincia estima en m\u00e1s de $220.000 millones por el Servicio Alimentario Escolar.<\/p>\n\n\n\n<p>Los funcionarios fueron recibidos con un cartel del ministerio que conduce Sandra Pettovello que dec\u00eda: \u00abSi su gobernador no sabe administrar, que deje paso a quienes saben\u00bb, mensaje que la propia funcionaria replic\u00f3 en sus redes sociales. Desde Capital Humano rechazaron las acusaciones y sostuvieron que el SAE es un programa de responsabilidad provincial, con el Estado nacional aportando apenas el 20% de los fondos necesarios.<\/p>\n\n\n\n<hr class=\"wp-block-separator has-alpha-channel-opacity\"\/>\n\n\n\n<p><i>Fuente original: <a href='https:\/\/www.ambito.com\/informacion-general\/la-provincia-buenos-aires-sube-las-becas-sociales-cuanto-cobraran-mayo-los-voluntarios-del-sae-udi-y-envion-n6272446' target='_blank' rel='noopener'>Ambito Financiero<\/a><\/i><\/p>\n","protected":false},"excerpt":{"rendered":"<p>Se incrementaron los valores del esquema de becas de los Programas \u201cOrganizar Comunidad\u201d, \u201cProtecci\u00f3n Integral a Personas en Situaci\u00f3n de Calle\u201d, \u201cUnidades de Desarrollo Infantil (UDI)\u201d, \u201cServicio Alimentario Escolar (SAE)\u201d y \u201cPrograma de Responsabilidad Social Compartida ENVI\u00d3N\u201d. El Ministerio de Desarrollo de la Comunidad bonaerense actualiz\u00f3 los montos de los esquemas de becas para los [&hellip;]<\/p>\n","protected":false},"author":1,"featured_media":5431,"comment_status":"open","ping_status":"open","sticky":false,"template":"","format":"standard","meta":{"_jetpack_memberships_contains_paid_content":false,"jnews-multi-image_gallery":[],"jnews_single_post":[],"jnews_primary_category":[],"jnews_override_bookmark_settings":[],"jnews_social_meta":[],"jnews_paywall_metabox":[],"jnews_override_counter":[],"footnotes":"","jetpack_publicize_message":"","jetpack_publicize_feature_enabled":true,"jetpack_social_post_already_shared":true,"jetpack_social_options":{"image_generator_settings":{"template":"fullscreen","default_image_id":0,"font":"","enabled":false},"version":2},"_wpas_customize_per_network":false},"categories":[39],"tags":[],"class_list":["post-5432","post","type-post","status-publish","format-standard","has-post-thumbnail","hentry","category-noticias"],"jetpack_publicize_connections":[],"jetpack_featured_media_url":"https:\/\/canal8.info\/wp-content\/uploads\/2026\/04\/imagen_1777553854.webp","jetpack_sharing_enabled":true,"jetpack_likes_enabled":true,"amp_enabled":true,"_links":{"self":[{"href":"https:\/\/canal8.info\/index.php?rest_route=\/wp\/v2\/posts\/5432","targetHints":{"allow":["GET"]}}],"collection":[{"href":"https:\/\/canal8.info\/index.php?rest_route=\/wp\/v2\/posts"}],"about":[{"href":"https:\/\/canal8.info\/index.php?rest_route=\/wp\/v2\/types\/post"}],"author":[{"embeddable":true,"href":"https:\/\/canal8.info\/index.php?rest_route=\/wp\/v2\/users\/1"}],"replies":[{"embeddable":true,"href":"https:\/\/canal8.info\/index.php?rest_route=%2Fwp%2Fv2%2Fcomments&post=5432"}],"version-history":[{"count":0,"href":"https:\/\/canal8.info\/index.php?rest_route=\/wp\/v2\/posts\/5432\/revisions"}],"wp:featuredmedia":[{"embeddable":true,"href":"https:\/\/canal8.info\/index.php?rest_route=\/wp\/v2\/media\/5431"}],"wp:attachment":[{"href":"https:\/\/canal8.info\/index.php?rest_route=%2Fwp%2Fv2%2Fmedia&parent=5432"}],"wp:term":[{"taxonomy":"category","embeddable":true,"href":"https:\/\/canal8.info\/index.php?rest_route=%2Fwp%2Fv2%2Fcategories&post=5432"},{"taxonomy":"post_tag","embeddable":true,"href":"https:\/\/canal8.info\/index.php?rest_route=%2Fwp%2Fv2%2Ftags&post=5432"}],"curies":[{"name":"wp","href":"https:\/\/api.w.org\/{rel}","templated":true}]}}