{"id":5408,"date":"2026-04-29T08:27:57","date_gmt":"2026-04-29T11:27:57","guid":{"rendered":"https:\/\/canal8.info\/?p=5408"},"modified":"2026-04-29T08:27:57","modified_gmt":"2026-04-29T11:27:57","slug":"los-cuatro-medicamentos-comunes-que-podrian-elevar-el-riesgo-de-demencia","status":"publish","type":"post","link":"https:\/\/canal8.info\/?p=5408","title":{"rendered":"Los cuatro medicamentos comunes que podr\u00edan elevar el riesgo de demencia"},"content":{"rendered":"\n<p>Los expertos advierten sobre la existencia de f\u00e1rmacos espec\u00edficos que podr\u00edan estar afectando la integridad cerebral de manera m\u00e1s directa de lo que se pensaba.<\/p>\n\n\n\n<p>Hay algunos f\u00e1rmacos que los expertos creen que podr\u00edan estar afectando negativamente a la salud cerebral de forma m\u00e1s directa. Cu\u00e1les son.<\/p>\n\n\n\n<p>Gran parte de las investigaciones actuales son de car\u00e1cter observacional, lo que dificulta confirmar si ciertos f\u00e1rmacos son la causa real del aumento en el riesgo de demencia. Sin embargo, los especialistas advierten sobre la existencia de  espec\u00edficos que podr\u00edan estar afectando la integridad cerebral de manera m\u00e1s directa de lo que se pensaba.<\/p>\n\n\n\n<p>El contenido al que quiere acceder es exclusivo para suscriptores.<\/p>\n\n\n\n<p>Los f\u00e1rmacos anticolin\u00e9rgicos representan, posiblemente, el grupo con mayor evidencia cient\u00edfica vinculada al incremento del riesgo de demencia. Su funci\u00f3n principal es inhibir la acetilcolina, un neurotransmisor crucial para procesos cognitivos como la memoria y la atenci\u00f3n.<\/p>\n\n\n\n<p>Esta categor\u00eda incluye desde antihistam\u00ednicos de venta libre, usados para alergias o insomnio, hasta medicamentos recetados para la depresi\u00f3n y afecciones urinarias. Mientras que sus efectos inmediatos suelen ser somnolencia y fallos de memoria, su uso prolongado se ha asociado en diversos estudios con un aumento del 50% en las probabilidades de desarrollar demencia.<\/p>\n\n\n\n<p>Respecto a los f\u00e1rmacos antipsic\u00f3ticos, persiste un dilema causal: no se ha determinado con exactitud si el riesgo de demencia proviene del medicamento en s\u00ed, de las patolog\u00edas tratadas (como la psicosis o la depresi\u00f3n) o si estas \u00faltimas son, en realidad, s\u00edntomas tempranos del deterioro cognitivo.<\/p>\n\n\n\n<p>Diversas investigaciones vinculan a los antipsic\u00f3ticos con una mayor probabilidad de demencia y con el deterioro intelectual en adultos de mediana edad; incluso, su uso en pacientes ya diagnosticados se asocia a una mayor tasa de mortalidad.<\/p>\n\n\n\n<p>Pese a estas advertencias, expertos como David Llewellyn, de la Universidad de Exeter, subrayan que en trastornos graves como la esquizofrenia el beneficio inmediato justifica su uso, aunque advierte sobre la necesidad cr\u00edtica de limitar estas prescripciones cuando se busca meramente controlar conductas en pacientes con demencia.<\/p>\n\n\n\n<p>Las benzodiacepinas, f\u00e1rmacos dise\u00f1ados para reducir la actividad cerebral mediante la interacci\u00f3n con neurotransmisores espec\u00edficos, han sido vinculadas frecuentemente con el riesgo de demencia. Debido a su relaci\u00f3n con el deterioro cognitivo, el delirio y el peligro de ca\u00eddas, la Sociedad Americana de Geriatr\u00eda desaconseja su uso en adultos mayores.<\/p>\n\n\n\n<p>No obstante, existe un debate cient\u00edfico vigente: dado que la ansiedad y el insomnio pueden ser s\u00edntomas prematuros de la demencia, algunas investigaciones recientes plantean que la verdadera causa del declive cerebral podr\u00edan ser estas afecciones subyacentes y no el consumo del f\u00e1rmaco en s\u00ed.<\/p>\n\n\n\n<p>La relaci\u00f3n entre los inhibidores de la bomba de protones (IBP), utilizados contra el reflujo \u00e1cido, y la demencia presenta resultados contradictorios en la literatura m\u00e9dica. Mientras algunos estudios sugieren un v\u00ednculo, otros no han hallado evidencia concluyente. Una hip\u00f3tesis plantea que estos f\u00e1rmacos podr\u00edan afectar el cerebro indirectamente al reducir la absorci\u00f3n de vitamina B12, cuya deficiencia se asocia al deterioro cognitivo.<\/p>\n\n\n\n<p>Sin embargo, la dificultad para rastrear el consumo de variantes de venta libre, como el omeprazol, complica el an\u00e1lisis de los datos. De hecho, ensayos cl\u00ednicos rigurosos que compararon el uso de pantoprazol frente a un placebo no detectaron un incremento en el riesgo de demencia tras tres a\u00f1os de seguimiento.<\/p>\n\n\n\n<hr class=\"wp-block-separator has-alpha-channel-opacity\"\/>\n\n\n\n<p><i>Fuente original: <a href='https:\/\/www.ambito.com\/informacion-general\/los-cuatro-medicamentos-comunes-que-podrian-elevar-el-riesgo-demencia-n6271367' target='_blank' rel='noopener'>Ambito Financiero<\/a><\/i><\/p>\n","protected":false},"excerpt":{"rendered":"<p>Los expertos advierten sobre la existencia de f\u00e1rmacos espec\u00edficos que podr\u00edan estar afectando la integridad cerebral de manera m\u00e1s directa de lo que se pensaba. Hay algunos f\u00e1rmacos que los expertos creen que podr\u00edan estar afectando negativamente a la salud cerebral de forma m\u00e1s directa. Cu\u00e1les son. Gran parte de las investigaciones actuales son de [&hellip;]<\/p>\n","protected":false},"author":1,"featured_media":5407,"comment_status":"open","ping_status":"open","sticky":false,"template":"","format":"standard","meta":{"_jetpack_memberships_contains_paid_content":false,"jnews-multi-image_gallery":[],"jnews_single_post":[],"jnews_primary_category":[],"jnews_override_bookmark_settings":[],"jnews_social_meta":[],"jnews_paywall_metabox":[],"jnews_override_counter":[],"footnotes":"","jetpack_publicize_message":"","jetpack_publicize_feature_enabled":true,"jetpack_social_post_already_shared":true,"jetpack_social_options":{"image_generator_settings":{"template":"fullscreen","default_image_id":0,"font":"","enabled":false},"version":2},"_wpas_customize_per_network":false},"categories":[39],"tags":[],"class_list":["post-5408","post","type-post","status-publish","format-standard","has-post-thumbnail","hentry","category-noticias"],"jetpack_publicize_connections":[],"jetpack_featured_media_url":"https:\/\/canal8.info\/wp-content\/uploads\/2026\/04\/imagen_1777462073.jpg","jetpack_sharing_enabled":true,"jetpack_likes_enabled":true,"amp_enabled":true,"_links":{"self":[{"href":"https:\/\/canal8.info\/index.php?rest_route=\/wp\/v2\/posts\/5408","targetHints":{"allow":["GET"]}}],"collection":[{"href":"https:\/\/canal8.info\/index.php?rest_route=\/wp\/v2\/posts"}],"about":[{"href":"https:\/\/canal8.info\/index.php?rest_route=\/wp\/v2\/types\/post"}],"author":[{"embeddable":true,"href":"https:\/\/canal8.info\/index.php?rest_route=\/wp\/v2\/users\/1"}],"replies":[{"embeddable":true,"href":"https:\/\/canal8.info\/index.php?rest_route=%2Fwp%2Fv2%2Fcomments&post=5408"}],"version-history":[{"count":0,"href":"https:\/\/canal8.info\/index.php?rest_route=\/wp\/v2\/posts\/5408\/revisions"}],"wp:featuredmedia":[{"embeddable":true,"href":"https:\/\/canal8.info\/index.php?rest_route=\/wp\/v2\/media\/5407"}],"wp:attachment":[{"href":"https:\/\/canal8.info\/index.php?rest_route=%2Fwp%2Fv2%2Fmedia&parent=5408"}],"wp:term":[{"taxonomy":"category","embeddable":true,"href":"https:\/\/canal8.info\/index.php?rest_route=%2Fwp%2Fv2%2Fcategories&post=5408"},{"taxonomy":"post_tag","embeddable":true,"href":"https:\/\/canal8.info\/index.php?rest_route=%2Fwp%2Fv2%2Ftags&post=5408"}],"curies":[{"name":"wp","href":"https:\/\/api.w.org\/{rel}","templated":true}]}}