{"id":5406,"date":"2026-04-29T08:27:38","date_gmt":"2026-04-29T11:27:38","guid":{"rendered":"https:\/\/canal8.info\/?p=5406"},"modified":"2026-04-29T08:27:38","modified_gmt":"2026-04-29T11:27:38","slug":"congreso-cortes-de-calles-y-fuerte-operativo-de-seguridad-por-la-presentacion-del-primer-informe-de-gestion-de-manuel-adorni","status":"publish","type":"post","link":"https:\/\/canal8.info\/?p=5406","title":{"rendered":"Congreso: cortes de calles y fuerte operativo de seguridad por la presentaci\u00f3n del primer informe de gesti\u00f3n de Manuel Adorni"},"content":{"rendered":"\n<p>La jornada tendr\u00e1 un impacto directo en la circulaci\u00f3n vehicular y peatonal. El despliegue se dar\u00e1 en el marco de la exposici\u00f3n del jefe de Gabinete, Manuel Adorni, en el Palacio Legislativo, en medio de una investigaci\u00f3n por presunto enriquecimiento il\u00edcito.<\/p>\n\n\n\n<p>Congreso: cortes de calles y fuerte operativo por la presentaci\u00f3n del primer informe de gesti\u00f3n de Manuel Adorni.<\/p>\n\n\n\n<p>La zona del Congreso de la Naci\u00f3n amanecer\u00e1 este mi\u00e9rcoles con un fuerte operativo de seguridad y m\u00faltiples restricciones de tr\u00e1nsito, en el marco de la presentaci\u00f3n del primer informe de gesti\u00f3n del jefe de Gabinete, , ante la C\u00e1mara de Diputados.<\/p>\n\n\n\n<p>El contenido al que quiere acceder es exclusivo para suscriptores.<\/p>\n\n\n\n<p>La jornada, que se anticipa como una de las m\u00e1s tensas del a\u00f1o en el plano pol\u00edtico, tendr\u00e1 impacto directo en la circulaci\u00f3n vehicular y peatonal, con cortes, vallados y accesos limitados en las inmediaciones del Palacio Legislativo.<\/p>\n\n\n\n<p>Seg\u00fan se inform\u00f3, habr\u00e1 vallados y accesos restringidos en puntos clave del per\u00edmetro:<\/p>\n\n\n\n<p>Estas intersecciones estar\u00e1n afectadas por el operativo, lo que podr\u00eda generar demoras importantes durante gran parte del d\u00eda. En paralelo, se definieron ingresos espec\u00edficos para el personal:<\/p>\n\n\n\n<p>Se recomienda evitar la zona y utilizar v\u00edas alternativas, especialmente durante el desarrollo de la sesi\u00f3n.<\/p>\n\n\n\n<p>El despliegue de seguridad se da en el marco del primer informe de gesti\u00f3n del jefe de Gabinete, Manuel Adorni, qui\u00e9n es investigado por presunto enriquecimiento il\u00edcito. Durante su exposici\u00f3n, Adorni deber\u00e1 responder m\u00e1s de 4.800 preguntas de la oposici\u00f3n, que buscar\u00e1 poner el foco en las denuncias judiciales en su contra.<\/p>\n\n\n\n<p>Se espera tambi\u00e9n la presencia del presidente Javier Milei en el recinto, un hecho poco habitual que refuerza el respaldo pol\u00edtico al funcionario y eleva la expectativa en torno a la jornada.<\/p>\n\n\n\n<p>Con este escenario, lo que formalmente es un informe de gesti\u00f3n se convierte tambi\u00e9n en un d\u00eda de alto impacto en la movilidad en el centro porte\u00f1o, con cortes que afectar\u00e1n una de las zonas m\u00e1s transitadas de la ciudad durante varias horas.<\/p>\n\n\n\n<hr class=\"wp-block-separator has-alpha-channel-opacity\"\/>\n\n\n\n<p><i>Fuente original: <a href='https:\/\/www.ambito.com\/informacion-general\/congreso-cortes-calles-y-fuerte-operativo-seguridad-la-presentacion-del-primer-informe-gestion-manuel-adorni-n6271863' target='_blank' rel='noopener'>Ambito Financiero<\/a><\/i><\/p>\n","protected":false},"excerpt":{"rendered":"<p>La jornada tendr\u00e1 un impacto directo en la circulaci\u00f3n vehicular y peatonal. El despliegue se dar\u00e1 en el marco de la exposici\u00f3n del jefe de Gabinete, Manuel Adorni, en el Palacio Legislativo, en medio de una investigaci\u00f3n por presunto enriquecimiento il\u00edcito. Congreso: cortes de calles y fuerte operativo por la presentaci\u00f3n del primer informe de [&hellip;]<\/p>\n","protected":false},"author":1,"featured_media":5405,"comment_status":"open","ping_status":"open","sticky":false,"template":"","format":"standard","meta":{"_jetpack_memberships_contains_paid_content":false,"jnews-multi-image_gallery":[],"jnews_single_post":[],"jnews_primary_category":[],"jnews_override_bookmark_settings":[],"jnews_social_meta":[],"jnews_paywall_metabox":[],"jnews_override_counter":[],"footnotes":"","jetpack_publicize_message":"","jetpack_publicize_feature_enabled":true,"jetpack_social_post_already_shared":true,"jetpack_social_options":{"image_generator_settings":{"template":"fullscreen","default_image_id":0,"font":"","enabled":false},"version":2},"_wpas_customize_per_network":false},"categories":[39],"tags":[],"class_list":["post-5406","post","type-post","status-publish","format-standard","has-post-thumbnail","hentry","category-noticias"],"jetpack_publicize_connections":[],"jetpack_featured_media_url":"https:\/\/canal8.info\/wp-content\/uploads\/2026\/04\/imagen_1777462044.png","jetpack_sharing_enabled":true,"jetpack_likes_enabled":true,"amp_enabled":true,"_links":{"self":[{"href":"https:\/\/canal8.info\/index.php?rest_route=\/wp\/v2\/posts\/5406","targetHints":{"allow":["GET"]}}],"collection":[{"href":"https:\/\/canal8.info\/index.php?rest_route=\/wp\/v2\/posts"}],"about":[{"href":"https:\/\/canal8.info\/index.php?rest_route=\/wp\/v2\/types\/post"}],"author":[{"embeddable":true,"href":"https:\/\/canal8.info\/index.php?rest_route=\/wp\/v2\/users\/1"}],"replies":[{"embeddable":true,"href":"https:\/\/canal8.info\/index.php?rest_route=%2Fwp%2Fv2%2Fcomments&post=5406"}],"version-history":[{"count":0,"href":"https:\/\/canal8.info\/index.php?rest_route=\/wp\/v2\/posts\/5406\/revisions"}],"wp:featuredmedia":[{"embeddable":true,"href":"https:\/\/canal8.info\/index.php?rest_route=\/wp\/v2\/media\/5405"}],"wp:attachment":[{"href":"https:\/\/canal8.info\/index.php?rest_route=%2Fwp%2Fv2%2Fmedia&parent=5406"}],"wp:term":[{"taxonomy":"category","embeddable":true,"href":"https:\/\/canal8.info\/index.php?rest_route=%2Fwp%2Fv2%2Fcategories&post=5406"},{"taxonomy":"post_tag","embeddable":true,"href":"https:\/\/canal8.info\/index.php?rest_route=%2Fwp%2Fv2%2Ftags&post=5406"}],"curies":[{"name":"wp","href":"https:\/\/api.w.org\/{rel}","templated":true}]}}