{"id":5402,"date":"2026-04-29T08:25:01","date_gmt":"2026-04-29T11:25:01","guid":{"rendered":"https:\/\/canal8.info\/?p=5402"},"modified":"2026-04-29T08:25:01","modified_gmt":"2026-04-29T11:25:01","slug":"el-avance-de-los-autos-electricos-obliga-a-redisenar-coberturas-que-pasa-con-los-precios-y-la-reparacion","status":"publish","type":"post","link":"https:\/\/canal8.info\/?p=5402","title":{"rendered":"El avance de los autos el\u00e9ctricos obliga a redise\u00f1ar coberturas: qu\u00e9 pasa con los precios y la reparaci\u00f3n"},"content":{"rendered":"\n<p>Los precios de los seguros de autos el\u00e9ctricos son iguales o levemente superiores que los de los tradicionales. Sin embargo, el sector enfrenta ciertos desaf\u00edos.<\/p>\n\n\n\n<p>Si bien es a\u00fan incipiente, de a poco va creciendo el mercado de los autos el\u00e9ctricos.<\/p>\n\n\n\n<p>El crecimiento de los  comienza a abrir un nuevo cap\u00edtulo para el negocio asegurador. Aunque todav\u00eda se trata de un segmento reducido dentro del parque automotor local, las compa\u00f1\u00edas ya trabajan en adaptar sus coberturas a una tecnolog\u00eda que modifica la l\u00f3gica tradicional del riesgo, la reparaci\u00f3n y la valuaci\u00f3n de las unidades.<\/p>\n\n\n\n<p>El contenido al que quiere acceder es exclusivo para suscriptores.<\/p>\n\n\n\n<p>En la actualidad, la mayor\u00eda de las aseguradoras contin\u00faa incorporando estos modelos dentro de las p\u00f3lizas convencionales, aunque con an\u00e1lisis t\u00e9cnicos particulares. Alejandro Mena, gerente de T\u00e9cnica de Automotor de La Caja explic\u00f3: \u201choy los veh\u00edculos el\u00e9ctricos e h\u00edbridos se aseguran dentro de las p\u00f3lizas tradicionales, aunque con una evaluaci\u00f3n t\u00e9cnica espec\u00edfica de sus componentes\u201d.<\/p>\n\n\n\n<p>La diferencia, seg\u00fan sostuvo, es sustancial. \u201cNo es lo mismo asegurar un veh\u00edculo convencional que uno equipado con bater\u00edas de alto voltaje, software integrado y una mec\u00e1nica especializada\u201d, remarc\u00f3. Y agreg\u00f3 que la principal complejidad es que \u201cla red de talleres y autopartes todav\u00eda est\u00e1 en proceso de desarrollo en el pa\u00eds\u201d, lo que obliga a las compa\u00f1\u00edas a revisar sus criterios de suscripci\u00f3n.<\/p>\n\n\n\n<p>Uno de los factores que m\u00e1s impacta en estas coberturas es el valor de la bater\u00eda, que representa una porci\u00f3n importante del precio total del veh\u00edculo. A eso se suma la menor estandarizaci\u00f3n de repuestos, la disponibilidad de talleres especializados y la r\u00e1pida evoluci\u00f3n tecnol\u00f3gica del segmento. En ese contexto, Mena advirti\u00f3 que \u201cel desaf\u00edo no es solo partir de una referencia adecuada, sino sostenerla en el tiempo para evitar descalces al momento de un siniestro\u201d.<\/p>\n\n\n\n<p>Por su parte, Dar\u00edo Smaldone, Head of Independent Agents GI de Zurich, explic\u00f3: \u201cnuestra oferta de seguros para autom\u00f3viles abarca tanto a los tradicionales a combusti\u00f3n como a los el\u00e9ctricos o h\u00edbridos, no existiendo una p\u00f3liza espec\u00edfica para estos \u00faltimos\u201d. Sin embargo, la compa\u00f1\u00eda ya comenz\u00f3 a incorporar soluciones puntuales. \u201cComenzamos a incorporar coberturas espec\u00edficas, como la protecci\u00f3n para el robo del cargador y su cable en veh\u00edculos enchufables\u201d, detall\u00f3.<\/p>\n\n\n\n<p>En t\u00e9rminos de precio, hoy las primas se mantienen relativamente alineadas con las de un veh\u00edculo tradicional del mismo segmento, aunque con algunos matices vinculados a los costos de reparaci\u00f3n.<\/p>\n\n\n\n<p>\u201cEn t\u00e9rminos generales, un seguro contra terceros para veh\u00edculos el\u00e9ctricos se ubica en rangos similares a los de autos tradicionales del mismo segmento\u201d, afirm\u00f3 Mena. No obstante, aclar\u00f3 que \u201clas primas tienden a ser similares o levemente superiores\u201d debido a factores como la mayor aceleraci\u00f3n de estos veh\u00edculos, su funcionamiento silencioso y la escasez de repuestos.<\/p>\n\n\n\n<p>Desde Grupo San Crist\u00f3bal, Diego Gagliano, gerente t\u00e9cnico actuarial de Individuos, sostuvo: \u201cLa determinaci\u00f3n del valor de los automotores el\u00e9ctricos e h\u00edbridos se realiza, al igual que en los veh\u00edculos a combusti\u00f3n, en funci\u00f3n de su precio de mercado. Para ello, las aseguradoras consultamos a las terminales, recurrimos a fuentes externas y, en muchos casos, con el fin de evitar situaciones de infraseguro, tomamos como referencia los valores de compra declarados por nuestros clientes. El principal desaf\u00edo para la industria radica en establecer el valor de los veh\u00edculos usados de este tipo, dado que gran parte de su cotizaci\u00f3n depende del estado de conservaci\u00f3n de la bater\u00eda\u201d.<\/p>\n\n\n\n<p>Seg\u00fan explic\u00f3, esos mayores costos \u201cse explican tanto por la necesidad de mano de obra altamente especializada y escasa por el momento, como por el incremento en los costos de los repuestos para este tipo de unidad\u201d.<\/p>\n\n\n\n<p>Aunque el segmento todav\u00eda es peque\u00f1o, las compa\u00f1\u00edas ya empiezan a detectar una mayor demanda. En La Caja sostienen que \u201cel crecimiento todav\u00eda es incipiente, pero sostenido\u201d y que ya observan \u201cun aumento en consultas y cotizaciones, especialmente en \u00e1mbitos urbanos y en flotas corporativas\u201d.<\/p>\n\n\n\n<p>En la misma l\u00ednea, Smaldone afirm\u00f3 que \u201cla demanda de autos el\u00e9ctricos viene mostrando un crecimiento importante, aunque partiendo de una base a\u00fan baja\u201d. Adem\u00e1s, agreg\u00f3 que en 2025 se patentaron 1.279 unidades el\u00e9ctricas, lo que represent\u00f3 un incremento del 130% frente a 2024. \u201cSi tambi\u00e9n incluimos autos h\u00edbridos, dichas cifras pasan a 26.632 y 88% respectivamente. En lo que va de 2026, esa tendencia no solo se mantiene sino que se acelera, con un fuerte aumento en los patentamientos de veh\u00edculos 0 km el\u00e9ctricos e h\u00edbridos, ganando participaci\u00f3n dentro del mercado automotor, y con algunos modelos que se acercan a competir dentro del top 10 de ventas\u201d, finaliz\u00f3<\/p>\n\n\n\n<p>Para las aseguradoras, este escenario representa un nuevo negocio. \u201cEl mercado de autos el\u00e9ctricos representa una oportunidad estrat\u00e9gica para captar un segmento de usuarios innovadores y comprometidos con el cuidado del medio ambiente\u201d, subray\u00f3 Gagliano.<\/p>\n\n\n\n<p>A pesar del avance del segmento, el marco regulatorio todav\u00eda acompa\u00f1a de forma parcial esta transformaci\u00f3n. Actualmente, estos veh\u00edculos se aseguran bajo las mismas cl\u00e1usulas aprobadas por la Superintendencia de Seguros de la Naci\u00f3n que se aplican a los autos a combusti\u00f3n.<\/p>\n\n\n\n<hr class=\"wp-block-separator has-alpha-channel-opacity\"\/>\n\n\n\n<p><i>Fuente original: <a href='https:\/\/www.ambito.com\/seguros\/el-avance-los-autos-electricos-obliga-redisenar-coberturas-que-pasa-los-precios-y-la-reparacion-n6270015' target='_blank' rel='noopener'>Ambito Financiero<\/a><\/i><\/p>\n","protected":false},"excerpt":{"rendered":"<p>Los precios de los seguros de autos el\u00e9ctricos son iguales o levemente superiores que los de los tradicionales. Sin embargo, el sector enfrenta ciertos desaf\u00edos. Si bien es a\u00fan incipiente, de a poco va creciendo el mercado de los autos el\u00e9ctricos. El crecimiento de los comienza a abrir un nuevo cap\u00edtulo para el negocio asegurador. [&hellip;]<\/p>\n","protected":false},"author":1,"featured_media":5401,"comment_status":"open","ping_status":"open","sticky":false,"template":"","format":"standard","meta":{"_jetpack_memberships_contains_paid_content":false,"jnews-multi-image_gallery":[],"jnews_single_post":[],"jnews_primary_category":[],"jnews_override_bookmark_settings":[],"jnews_social_meta":[],"jnews_paywall_metabox":[],"jnews_override_counter":[],"footnotes":"","jetpack_publicize_message":"","jetpack_publicize_feature_enabled":true,"jetpack_social_post_already_shared":true,"jetpack_social_options":{"image_generator_settings":{"template":"fullscreen","default_image_id":0,"font":"","enabled":false},"version":2},"_wpas_customize_per_network":false},"categories":[39],"tags":[],"class_list":["post-5402","post","type-post","status-publish","format-standard","has-post-thumbnail","hentry","category-noticias"],"jetpack_publicize_connections":[],"jetpack_featured_media_url":"https:\/\/canal8.info\/wp-content\/uploads\/2026\/04\/imagen_1777461895.jpg","jetpack_sharing_enabled":true,"jetpack_likes_enabled":true,"amp_enabled":true,"_links":{"self":[{"href":"https:\/\/canal8.info\/index.php?rest_route=\/wp\/v2\/posts\/5402","targetHints":{"allow":["GET"]}}],"collection":[{"href":"https:\/\/canal8.info\/index.php?rest_route=\/wp\/v2\/posts"}],"about":[{"href":"https:\/\/canal8.info\/index.php?rest_route=\/wp\/v2\/types\/post"}],"author":[{"embeddable":true,"href":"https:\/\/canal8.info\/index.php?rest_route=\/wp\/v2\/users\/1"}],"replies":[{"embeddable":true,"href":"https:\/\/canal8.info\/index.php?rest_route=%2Fwp%2Fv2%2Fcomments&post=5402"}],"version-history":[{"count":0,"href":"https:\/\/canal8.info\/index.php?rest_route=\/wp\/v2\/posts\/5402\/revisions"}],"wp:featuredmedia":[{"embeddable":true,"href":"https:\/\/canal8.info\/index.php?rest_route=\/wp\/v2\/media\/5401"}],"wp:attachment":[{"href":"https:\/\/canal8.info\/index.php?rest_route=%2Fwp%2Fv2%2Fmedia&parent=5402"}],"wp:term":[{"taxonomy":"category","embeddable":true,"href":"https:\/\/canal8.info\/index.php?rest_route=%2Fwp%2Fv2%2Fcategories&post=5402"},{"taxonomy":"post_tag","embeddable":true,"href":"https:\/\/canal8.info\/index.php?rest_route=%2Fwp%2Fv2%2Ftags&post=5402"}],"curies":[{"name":"wp","href":"https:\/\/api.w.org\/{rel}","templated":true}]}}