{"id":5394,"date":"2026-04-29T08:19:19","date_gmt":"2026-04-29T11:19:19","guid":{"rendered":"https:\/\/canal8.info\/?p=5394"},"modified":"2026-04-29T08:19:19","modified_gmt":"2026-04-29T11:19:19","slug":"lula-promulgo-en-brasil-el-acuerdo-de-libre-comercio-entre-el-mercosur-y-la-union-europea","status":"publish","type":"post","link":"https:\/\/canal8.info\/?p=5394","title":{"rendered":"Lula promulg\u00f3 en Brasil el acuerdo de libre comercio entre el Mercosur y la Uni\u00f3n Europea"},"content":{"rendered":"\n<p>El entendimiento comenzar\u00e1 a implementarse de manera progresiva desde el 1 de mayo. El mandatario brasile\u00f1o lo present\u00f3 como una se\u00f1al a favor del multilateralismo.<\/p>\n\n\n\n<p>Lula firm\u00f3 el decreto en Brasilia y defendi\u00f3 el acuerdo como una se\u00f1al de apoyo al multilateralismo.<\/p>\n\n\n\n<p>El presidente de Brasil, Luiz In\u00e1cio Lula da Silva, promulg\u00f3 este martes en Brasilia el , luego de que el texto fuera aprobado por el Congreso brasile\u00f1o. La firma del decreto representa un nuevo paso institucional para la puesta en marcha de un entendimiento considerado estrat\u00e9gico para ambos bloques.<\/p>\n\n\n\n<p>El contenido al que quiere acceder es exclusivo para suscriptores.<\/p>\n\n\n\n<p>El acto se realiz\u00f3 en el Palacio de Planalto, con la presencia de autoridades del Gobierno y representantes parlamentarios. Seg\u00fan lo establecido, el acuerdo comenzar\u00e1 a entrar en vigencia de forma gradual a partir del 1 de mayo, con un esquema de reducci\u00f3n progresiva de aranceles.<\/p>\n\n\n\n<p>Durante la ceremonia, Lula destac\u00f3 el largo proceso de negociaci\u00f3n que deriv\u00f3 en la firma del tratado. \u201cEste acuerdo se hizo a hierro, sudor y sangre, porque hay muchos intereses que intentan impedir que Brasil crezca y dispute espacio. Llega en un momento muy importante, al reforzar la idea consagrada del multilateralismo\u201d, sostuvo.<\/p>\n\n\n\n<p>El mandatario tambi\u00e9n vincul\u00f3 el avance del acuerdo con el escenario internacional y cuestion\u00f3 las pol\u00edticas comerciales impulsadas por el presidente de Estados Unidos, Donald Trump. \u201cDespu\u00e9s de que (Trump) tom\u00f3 las medidas que tom\u00f3, practicando grav\u00e1menes de forma unilateral contra el mundo entero, la respuesta que la Uni\u00f3n Europea y Brasil le dieron al mundo es que no existe nada mejor que creer en el ejercicio de la democracia, en el multilateralismo y en la relaci\u00f3n cordial entre las naciones\u201d, afirm\u00f3.<\/p>\n\n\n\n<p>El tratado hab\u00eda sido firmado el 17 de enero en Paraguay, despu\u00e9s de m\u00e1s de 25 a\u00f1os de negociaciones entre los dos bloques. El texto contempla la reducci\u00f3n o eliminaci\u00f3n gradual de aranceles sobre m\u00e1s del 90% del intercambio comercial entre el Mercosur y la Uni\u00f3n Europea.<\/p>\n\n\n\n<p>El acuerdo integrar\u00e1 un mercado de m\u00e1s de 700 millones de personas, al conectar al Mercosur -integrado por Brasil, Argentina, Paraguay y Uruguay, con Bolivia en proceso de adhesi\u00f3n plena- con la zona europea. Adem\u00e1s, Lula se\u00f1al\u00f3 que el entendimiento podr\u00eda servir como antecedente para otras negociaciones comerciales, entre ellas las que involucran a Singapur, Canad\u00e1 y la eventual incorporaci\u00f3n de Colombia al bloque regional.<\/p>\n\n\n\n<hr class=\"wp-block-separator has-alpha-channel-opacity\"\/>\n\n\n\n<p><i>Fuente original: <a href='https:\/\/www.ambito.com\/mundo\/lula-promulgo-brasil-el-acuerdo-libre-comercio-el-mercosur-y-la-union-europea-n6271959' target='_blank' rel='noopener'>Ambito Financiero<\/a><\/i><\/p>\n","protected":false},"excerpt":{"rendered":"<p>El entendimiento comenzar\u00e1 a implementarse de manera progresiva desde el 1 de mayo. El mandatario brasile\u00f1o lo present\u00f3 como una se\u00f1al a favor del multilateralismo. Lula firm\u00f3 el decreto en Brasilia y defendi\u00f3 el acuerdo como una se\u00f1al de apoyo al multilateralismo. El presidente de Brasil, Luiz In\u00e1cio Lula da Silva, promulg\u00f3 este martes en [&hellip;]<\/p>\n","protected":false},"author":1,"featured_media":5393,"comment_status":"open","ping_status":"open","sticky":false,"template":"","format":"standard","meta":{"_jetpack_memberships_contains_paid_content":false,"jnews-multi-image_gallery":[],"jnews_single_post":[],"jnews_primary_category":[],"jnews_override_bookmark_settings":[],"jnews_social_meta":[],"jnews_paywall_metabox":[],"jnews_override_counter":[],"footnotes":"","jetpack_publicize_message":"","jetpack_publicize_feature_enabled":true,"jetpack_social_post_already_shared":true,"jetpack_social_options":{"image_generator_settings":{"template":"fullscreen","default_image_id":0,"font":"","enabled":false},"version":2},"_wpas_customize_per_network":false},"categories":[39],"tags":[],"class_list":["post-5394","post","type-post","status-publish","format-standard","has-post-thumbnail","hentry","category-noticias"],"jetpack_publicize_connections":[],"jetpack_featured_media_url":"https:\/\/canal8.info\/wp-content\/uploads\/2026\/04\/imagen_1777461553.jpg","jetpack_sharing_enabled":true,"jetpack_likes_enabled":true,"amp_enabled":true,"_links":{"self":[{"href":"https:\/\/canal8.info\/index.php?rest_route=\/wp\/v2\/posts\/5394","targetHints":{"allow":["GET"]}}],"collection":[{"href":"https:\/\/canal8.info\/index.php?rest_route=\/wp\/v2\/posts"}],"about":[{"href":"https:\/\/canal8.info\/index.php?rest_route=\/wp\/v2\/types\/post"}],"author":[{"embeddable":true,"href":"https:\/\/canal8.info\/index.php?rest_route=\/wp\/v2\/users\/1"}],"replies":[{"embeddable":true,"href":"https:\/\/canal8.info\/index.php?rest_route=%2Fwp%2Fv2%2Fcomments&post=5394"}],"version-history":[{"count":0,"href":"https:\/\/canal8.info\/index.php?rest_route=\/wp\/v2\/posts\/5394\/revisions"}],"wp:featuredmedia":[{"embeddable":true,"href":"https:\/\/canal8.info\/index.php?rest_route=\/wp\/v2\/media\/5393"}],"wp:attachment":[{"href":"https:\/\/canal8.info\/index.php?rest_route=%2Fwp%2Fv2%2Fmedia&parent=5394"}],"wp:term":[{"taxonomy":"category","embeddable":true,"href":"https:\/\/canal8.info\/index.php?rest_route=%2Fwp%2Fv2%2Fcategories&post=5394"},{"taxonomy":"post_tag","embeddable":true,"href":"https:\/\/canal8.info\/index.php?rest_route=%2Fwp%2Fv2%2Ftags&post=5394"}],"curies":[{"name":"wp","href":"https:\/\/api.w.org\/{rel}","templated":true}]}}