{"id":5392,"date":"2026-04-28T08:51:05","date_gmt":"2026-04-28T11:51:05","guid":{"rendered":"https:\/\/canal8.info\/?p=5392"},"modified":"2026-04-28T08:51:05","modified_gmt":"2026-04-28T11:51:05","slug":"fuerte-caida-de-la-confianza-en-el-gobierno-el-indice-bajo-121-en-abril-y-acumula-cuatro-retrocesos","status":"publish","type":"post","link":"https:\/\/canal8.info\/?p=5392","title":{"rendered":"Fuerte ca\u00edda de la confianza en el Gobierno: el \u00edndice baj\u00f3 12,1% en abril y acumula cuatro retrocesos"},"content":{"rendered":"\n<p>El \u00cdndice de Confianza en el Gobierno de la Universidad Di Tella cay\u00f3 12,1% en abril y marc\u00f3 su nivel m\u00e1s bajo en la gesti\u00f3n de Javier Milei. Todos los componentes del indicador registraron descensos.<\/p>\n\n\n\n<p>El  registr\u00f3 en abril una fuerte ca\u00edda y se ubic\u00f3 en 2,02 puntos, lo que representa un descenso del 12,1% respecto de marzo y su nivel m\u00e1s bajo en la  de . Se trata del cuarto retroceso consecutivo en lo que va del a\u00f1o.<\/p>\n\n\n\n<p>El contenido al que quiere acceder es exclusivo para suscriptores.<\/p>\n\n\n\n<p>El informe elaborado por la Escuela de Gobierno de la Universidad Torcuato Di Tella mostr\u00f3 que el indicador acumula una contracci\u00f3n del 17,9% desde fines de 2025, con bajas mensuales en enero (-2,8%), febrero (-0,6%), marzo (-3,5%) y abril (-12,1%), siendo esta \u00faltima la m\u00e1s pronunciada del per\u00edodo.<\/p>\n\n\n\n<p>En t\u00e9rminos interanuales, la ca\u00edda tambi\u00e9n es significativa: el \u00edndice se redujo 13,2% respecto de abril de 2025. Aun as\u00ed, el nivel actual se mantiene por encima del registrado durante la gesti\u00f3n de Alberto Fern\u00e1ndez en el mismo mes de 2022, aunque levemente por debajo del de Mauricio Macri en abril de 2018.<\/p>\n\n\n\n<p>El deterioro del \u00edndice fue generalizado. Los cinco componentes del ICG mostraron variaciones negativas en abril, con ca\u00eddas especialmente marcadas en \u00e1reas clave de evaluaci\u00f3n del Gobierno.<\/p>\n\n\n\n<p>El indicador de Eficiencia fue el que m\u00e1s retrocedi\u00f3, con una baja del 21,4% y un valor de 1,87 puntos, seguido por la Evaluaci\u00f3n general del Gobierno (1,64; -17,2%) y la Preocupaci\u00f3n por el inter\u00e9s general (1,61; -13,9%).<\/p>\n\n\n\n<p>Por su parte, los componentes de Honestidad (2,50; -8,4%) y Capacidad (2,0; -2,0%) se mantuvieron como los mejor valorados, aunque tambi\u00e9n en descenso.<\/p>\n\n\n\n<p>Si bien la Honestidad y la Capacidad se mantuvieron como los aspectos mejor valorados, tambi\u00e9n registraron un descenso.<\/p>\n\n\n\n<p>El informe tambi\u00e9n reflej\u00f3 ca\u00eddas en pr\u00e1cticamente todos los segmentos. La baja m\u00e1s marcada se dio entre las personas de 30 a 49 a\u00f1os (-16,7%), mientras que los j\u00f3venes de 18 a 29 a\u00f1os fueron el \u00fanico grupo con leve mejora mensual (+2,3%), manteniendo el nivel m\u00e1s alto de confianza.<\/p>\n\n\n\n<p>En cuanto al g\u00e9nero, la ca\u00edda fue m\u00e1s fuerte entre los hombres (-16,9%), lo que redujo la brecha respecto de las mujeres. A nivel geogr\u00e1fico, todas las regiones registraron descensos, aunque el interior del pa\u00eds volvi\u00f3 a mostrar el nivel m\u00e1s alto de confianza (2,22 puntos).<\/p>\n\n\n\n<p>El relevamiento tambi\u00e9n evidenci\u00f3 que las expectativas econ\u00f3micas siguen siendo un factor clave. Quienes creen que la situaci\u00f3n mejorar\u00e1 mantienen niveles de confianza significativamente m\u00e1s altos (4,03 puntos), muy por encima de quienes esperan un empeoramiento (0,51).<\/p>\n\n\n\n<p>En promedio, el ICG de la gesti\u00f3n Milei descendi\u00f3 a 2,42 puntos, su registro m\u00e1s bajo hasta el momento, en un contexto de ca\u00edda sostenida que impacta en todos los indicadores y segmentos analizados.<\/p>\n\n\n\n<hr class=\"wp-block-separator has-alpha-channel-opacity\"\/>\n\n\n\n<p><i>Fuente original: <a href='https:\/\/www.ambito.com\/politica\/fuerte-caida-la-confianza-el-gobierno-el-indice-121-abril-y-acumula-cuatro-retrocesos-n6271437' target='_blank' rel='noopener'>Ambito Financiero<\/a><\/i><\/p>\n","protected":false},"excerpt":{"rendered":"<p>El \u00cdndice de Confianza en el Gobierno de la Universidad Di Tella cay\u00f3 12,1% en abril y marc\u00f3 su nivel m\u00e1s bajo en la gesti\u00f3n de Javier Milei. Todos los componentes del indicador registraron descensos. El registr\u00f3 en abril una fuerte ca\u00edda y se ubic\u00f3 en 2,02 puntos, lo que representa un descenso del 12,1% [&hellip;]<\/p>\n","protected":false},"author":1,"featured_media":5391,"comment_status":"open","ping_status":"open","sticky":false,"template":"","format":"standard","meta":{"_jetpack_memberships_contains_paid_content":false,"jnews-multi-image_gallery":[],"jnews_single_post":[],"jnews_primary_category":[],"jnews_override_bookmark_settings":[],"jnews_social_meta":[],"jnews_paywall_metabox":[],"jnews_override_counter":[],"footnotes":"","jetpack_publicize_message":"","jetpack_publicize_feature_enabled":true,"jetpack_social_post_already_shared":true,"jetpack_social_options":{"image_generator_settings":{"template":"fullscreen","default_image_id":0,"font":"","enabled":false},"version":2},"_wpas_customize_per_network":false},"categories":[39],"tags":[],"class_list":["post-5392","post","type-post","status-publish","format-standard","has-post-thumbnail","hentry","category-noticias"],"jetpack_publicize_connections":[],"jetpack_featured_media_url":"https:\/\/canal8.info\/wp-content\/uploads\/2026\/04\/imagen_1777377060.jpg","jetpack_sharing_enabled":true,"jetpack_likes_enabled":true,"amp_enabled":true,"_links":{"self":[{"href":"https:\/\/canal8.info\/index.php?rest_route=\/wp\/v2\/posts\/5392","targetHints":{"allow":["GET"]}}],"collection":[{"href":"https:\/\/canal8.info\/index.php?rest_route=\/wp\/v2\/posts"}],"about":[{"href":"https:\/\/canal8.info\/index.php?rest_route=\/wp\/v2\/types\/post"}],"author":[{"embeddable":true,"href":"https:\/\/canal8.info\/index.php?rest_route=\/wp\/v2\/users\/1"}],"replies":[{"embeddable":true,"href":"https:\/\/canal8.info\/index.php?rest_route=%2Fwp%2Fv2%2Fcomments&post=5392"}],"version-history":[{"count":0,"href":"https:\/\/canal8.info\/index.php?rest_route=\/wp\/v2\/posts\/5392\/revisions"}],"wp:featuredmedia":[{"embeddable":true,"href":"https:\/\/canal8.info\/index.php?rest_route=\/wp\/v2\/media\/5391"}],"wp:attachment":[{"href":"https:\/\/canal8.info\/index.php?rest_route=%2Fwp%2Fv2%2Fmedia&parent=5392"}],"wp:term":[{"taxonomy":"category","embeddable":true,"href":"https:\/\/canal8.info\/index.php?rest_route=%2Fwp%2Fv2%2Fcategories&post=5392"},{"taxonomy":"post_tag","embeddable":true,"href":"https:\/\/canal8.info\/index.php?rest_route=%2Fwp%2Fv2%2Ftags&post=5392"}],"curies":[{"name":"wp","href":"https:\/\/api.w.org\/{rel}","templated":true}]}}