{"id":5390,"date":"2026-04-28T08:50:55","date_gmt":"2026-04-28T11:50:55","guid":{"rendered":"https:\/\/canal8.info\/?p=5390"},"modified":"2026-04-28T08:50:55","modified_gmt":"2026-04-28T11:50:55","slug":"la-industria-perdio-casi-80-mil-empleos-desde-la-llegada-de-milei","status":"publish","type":"post","link":"https:\/\/canal8.info\/?p=5390","title":{"rendered":"La industria perdi\u00f3 casi 80 mil empleos desde la llegada de Milei"},"content":{"rendered":"\n<p>La industria argentina atraviesa un momento cr\u00edtico. Seg\u00fan estimaciones privadas, desde la asunci\u00f3n de  en diciembre de 2023 se perdieron 79.672 puestos de trabajo registrados en el sector.<\/p>\n\n\n\n<p>Desde Industriales Argentinos (IPA) se\u00f1alaron que la actividad fabril se convirti\u00f3 en el principal foco de destrucci\u00f3n de empleo del pa\u00eds durante los \u00faltimos meses, incluso por encima de otros sectores productivos.<\/p>\n\n\n\n<p>El informe advierte que, al inicio de 2026, la ca\u00edda del empleo se aceler\u00f3 de manera significativa. De los 7.593 puestos registrados que se perdieron en toda la econom\u00eda frente a diciembre de 2025, 7.336 correspondieron exclusivamente a la industria.<\/p>\n\n\n\n<p>Esto significa que el sector fabril explic\u00f3 el 97% de las bajas laborales mensuales dentro del empleo formal argentino.<\/p>\n\n\n\n<p>Los datos surgen del \u00faltimo informe del Observatorio de Industriales Pymes Argentinos, que vincul\u00f3 esta din\u00e1mica con un proceso de primarizaci\u00f3n de la econom\u00eda nacional.<\/p>\n\n\n\n<p>Desde el sector advirtieron que este escenario deja a una gran cantidad de trabajadores fuera del empleo registrado y profundiza la preocupaci\u00f3n por el futuro de las pymes industriales.<\/p>\n\n\n\n<p>En todos los organismos sigue habiendo acomodados y parientes. Uluncha, tel\u00e9fono  ?<\/p>\n\n\n\n<p>El 60% de esos hoy desempleados lo votaron contentos. Y ya lo van votando 3 veces y no aprenden.<\/p>\n\n\n\n<hr class=\"wp-block-separator has-alpha-channel-opacity\"\/>\n\n\n\n<p><i>Fuente original: <a href='https:\/\/www.quepasasalta.com.ar\/politica\/la-industria-perdio-casi-80-mil-empleos-desde-la-llegada-de-milei-4998\/' target='_blank' rel='noopener'>Que Pasa Salta<\/a><\/i><\/p>\n","protected":false},"excerpt":{"rendered":"<p>La industria argentina atraviesa un momento cr\u00edtico. Seg\u00fan estimaciones privadas, desde la asunci\u00f3n de en diciembre de 2023 se perdieron 79.672 puestos de trabajo registrados en el sector. Desde Industriales Argentinos (IPA) se\u00f1alaron que la actividad fabril se convirti\u00f3 en el principal foco de destrucci\u00f3n de empleo del pa\u00eds durante los \u00faltimos meses, incluso por [&hellip;]<\/p>\n","protected":false},"author":1,"featured_media":5389,"comment_status":"open","ping_status":"open","sticky":false,"template":"","format":"standard","meta":{"_jetpack_memberships_contains_paid_content":false,"jnews-multi-image_gallery":[],"jnews_single_post":[],"jnews_primary_category":[],"jnews_override_bookmark_settings":[],"jnews_social_meta":[],"jnews_paywall_metabox":[],"jnews_override_counter":[],"footnotes":"","jetpack_publicize_message":"","jetpack_publicize_feature_enabled":true,"jetpack_social_post_already_shared":true,"jetpack_social_options":{"image_generator_settings":{"template":"fullscreen","default_image_id":0,"font":"","enabled":false},"version":2},"_wpas_customize_per_network":false},"categories":[39],"tags":[],"class_list":["post-5390","post","type-post","status-publish","format-standard","has-post-thumbnail","hentry","category-noticias"],"jetpack_publicize_connections":[],"jetpack_featured_media_url":"https:\/\/canal8.info\/wp-content\/uploads\/2026\/04\/imagen_1777377048.png","jetpack_sharing_enabled":true,"jetpack_likes_enabled":true,"amp_enabled":true,"_links":{"self":[{"href":"https:\/\/canal8.info\/index.php?rest_route=\/wp\/v2\/posts\/5390","targetHints":{"allow":["GET"]}}],"collection":[{"href":"https:\/\/canal8.info\/index.php?rest_route=\/wp\/v2\/posts"}],"about":[{"href":"https:\/\/canal8.info\/index.php?rest_route=\/wp\/v2\/types\/post"}],"author":[{"embeddable":true,"href":"https:\/\/canal8.info\/index.php?rest_route=\/wp\/v2\/users\/1"}],"replies":[{"embeddable":true,"href":"https:\/\/canal8.info\/index.php?rest_route=%2Fwp%2Fv2%2Fcomments&post=5390"}],"version-history":[{"count":0,"href":"https:\/\/canal8.info\/index.php?rest_route=\/wp\/v2\/posts\/5390\/revisions"}],"wp:featuredmedia":[{"embeddable":true,"href":"https:\/\/canal8.info\/index.php?rest_route=\/wp\/v2\/media\/5389"}],"wp:attachment":[{"href":"https:\/\/canal8.info\/index.php?rest_route=%2Fwp%2Fv2%2Fmedia&parent=5390"}],"wp:term":[{"taxonomy":"category","embeddable":true,"href":"https:\/\/canal8.info\/index.php?rest_route=%2Fwp%2Fv2%2Fcategories&post=5390"},{"taxonomy":"post_tag","embeddable":true,"href":"https:\/\/canal8.info\/index.php?rest_route=%2Fwp%2Fv2%2Ftags&post=5390"}],"curies":[{"name":"wp","href":"https:\/\/api.w.org\/{rel}","templated":true}]}}