{"id":5384,"date":"2026-04-28T08:45:23","date_gmt":"2026-04-28T11:45:23","guid":{"rendered":"https:\/\/canal8.info\/?p=5384"},"modified":"2026-04-28T08:45:23","modified_gmt":"2026-04-28T11:45:23","slug":"se-rompio-la-tradicion-un-hombre-gano-el-concurso-de-la-empanada-en-oran","status":"publish","type":"post","link":"https:\/\/canal8.info\/?p=5384","title":{"rendered":"Se rompi\u00f3 la tradici\u00f3n, un hombre gan\u00f3 el Concurso de la empanada en Or\u00e1n"},"content":{"rendered":"\n<p>La ciudad de Or\u00e1n vivi\u00f3 una jornada hist\u00f3rica este domingo 26 de abril en la Plaza San Mart\u00edn, donde por primera vez un hombre se consagr\u00f3 ganador del tradicional Concurso de la Empanada, uno de los eventos m\u00e1s representativos de la cultura gastron\u00f3mica local.<\/p>\n\n\n\n<p>El gran protagonista fue Tom\u00e1s Gabriel Adad, quien obtuvo el primer puesto tras destacarse por el sabor, la textura y la presentaci\u00f3n de sus empanadas, sorprendiendo al exigente jurado y al p\u00fablico presente. El segundo lugar fue para Juan Pablo Leal, mientras que el tercer puesto qued\u00f3 en manos de Mar\u00eda Rosa Miguez.<\/p>\n\n\n\n<p>La premiaci\u00f3n estuvo encabezada por el intendente Baltasar Lara Gros, junto a la gerente de Turismo, Andrea Silvera, quienes entregaron premios en efectivo y piezas artesanales elaboradas en madera de pacar\u00e1 por el artesano Aldo Varga, integrante de la comunidad Kolla de R\u00edo Cortaderas.<\/p>\n\n\n\n<p>Organizado por la Gerencia de Turismo Municipal, el certamen reuni\u00f3 a 15 concursantes que demostraron su talento culinario frente a un jurado de reconocidos referentes: el profesor Gustavo \u00c1lvarez, la licenciada Mercedes Manzaraz, el periodista Jos\u00e9 Ponce, el gastron\u00f3mico Gast\u00f3n Chocolatier y Silvia Mart\u00ednez.<\/p>\n\n\n\n<p>Adem\u00e1s del concurso, la jornada cont\u00f3 con la participaci\u00f3n de la Gerencia de Acci\u00f3n Social Municipal a trav\u00e9s del programa Cambio Verde, que promovi\u00f3 la conciencia ambiental entre los asistentes. Tambi\u00e9n se sumaron diversas instituciones y actores locales que enriquecieron el evento: el escritor Santos Vergara, quien particip\u00f3 con su stand y recibi\u00f3 un presente por sus 40 a\u00f1os con las letras; el Centro de Inmunizaciones del Hospital Hospital San Vicente de Pa\u00fal, que realiz\u00f3 vacunaci\u00f3n a vecinos; y Facundo Luna, de Parrillada Herencia, quien colabor\u00f3 con el horneado de las empanadas.<\/p>\n\n\n\n<p>La ma\u00f1ana tambi\u00e9n estuvo colmada de m\u00fasica y tradici\u00f3n gracias a la Academia Poncho Oranense y la Gerencia de Deportes, mientras que estudiantes de la Tecnicatura en Turismo del Instituto Loutaif acompa\u00f1aron la organizaci\u00f3n del evento. Asimismo, participaron la Textil Or\u00e1n, la Gerencia de Cultura y la Coordinaci\u00f3n de Protocolo.<\/p>\n\n\n\n<p>Como broche de oro, Tom\u00e1s Gabriel Adad representar\u00e1 a Or\u00e1n en el Concurso de la Empanada en la ciudad de Salta el pr\u00f3ximo 20 de mayo, llevando consigo el orgullo de una jornada que dej\u00f3 en claro que la tradici\u00f3n tambi\u00e9n se renueva, sin perder su esencia.<\/p>\n\n\n\n<p>Director: Sergio Romero  Propietario:  Horizontes On Line SA. El Tribuno Salta  Domicilio: av Ex Combatientes de Malvinas 3890 &#8211; CP (A4412BYA) Salta<\/p>\n\n\n\n<hr class=\"wp-block-separator has-alpha-channel-opacity\"\/>\n\n\n\n<p><i>Fuente original: <a href='https:\/\/www.eltribuno.com\/espectaculos\/2026-4-27-8-49-0-se-rompio-la-tradicion-un-hombre-gano-el-concurso-de-la-empanada-en-oran' target='_blank' rel='noopener'>El Tribuno<\/a><\/i><\/p>\n","protected":false},"excerpt":{"rendered":"<p>La ciudad de Or\u00e1n vivi\u00f3 una jornada hist\u00f3rica este domingo 26 de abril en la Plaza San Mart\u00edn, donde por primera vez un hombre se consagr\u00f3 ganador del tradicional Concurso de la Empanada, uno de los eventos m\u00e1s representativos de la cultura gastron\u00f3mica local. El gran protagonista fue Tom\u00e1s Gabriel Adad, quien obtuvo el primer [&hellip;]<\/p>\n","protected":false},"author":1,"featured_media":5383,"comment_status":"open","ping_status":"open","sticky":false,"template":"","format":"standard","meta":{"_jetpack_memberships_contains_paid_content":false,"jnews-multi-image_gallery":[],"jnews_single_post":[],"jnews_primary_category":[],"jnews_override_bookmark_settings":[],"jnews_social_meta":[],"jnews_paywall_metabox":[],"jnews_override_counter":[],"footnotes":"","jetpack_publicize_message":"","jetpack_publicize_feature_enabled":true,"jetpack_social_post_already_shared":true,"jetpack_social_options":{"image_generator_settings":{"template":"fullscreen","default_image_id":0,"font":"","enabled":false},"version":2},"_wpas_customize_per_network":false},"categories":[39],"tags":[],"class_list":["post-5384","post","type-post","status-publish","format-standard","has-post-thumbnail","hentry","category-noticias"],"jetpack_publicize_connections":[],"jetpack_featured_media_url":"https:\/\/canal8.info\/wp-content\/uploads\/2026\/04\/imagen_1777376717.jpg","jetpack_sharing_enabled":true,"jetpack_likes_enabled":true,"amp_enabled":true,"_links":{"self":[{"href":"https:\/\/canal8.info\/index.php?rest_route=\/wp\/v2\/posts\/5384","targetHints":{"allow":["GET"]}}],"collection":[{"href":"https:\/\/canal8.info\/index.php?rest_route=\/wp\/v2\/posts"}],"about":[{"href":"https:\/\/canal8.info\/index.php?rest_route=\/wp\/v2\/types\/post"}],"author":[{"embeddable":true,"href":"https:\/\/canal8.info\/index.php?rest_route=\/wp\/v2\/users\/1"}],"replies":[{"embeddable":true,"href":"https:\/\/canal8.info\/index.php?rest_route=%2Fwp%2Fv2%2Fcomments&post=5384"}],"version-history":[{"count":0,"href":"https:\/\/canal8.info\/index.php?rest_route=\/wp\/v2\/posts\/5384\/revisions"}],"wp:featuredmedia":[{"embeddable":true,"href":"https:\/\/canal8.info\/index.php?rest_route=\/wp\/v2\/media\/5383"}],"wp:attachment":[{"href":"https:\/\/canal8.info\/index.php?rest_route=%2Fwp%2Fv2%2Fmedia&parent=5384"}],"wp:term":[{"taxonomy":"category","embeddable":true,"href":"https:\/\/canal8.info\/index.php?rest_route=%2Fwp%2Fv2%2Fcategories&post=5384"},{"taxonomy":"post_tag","embeddable":true,"href":"https:\/\/canal8.info\/index.php?rest_route=%2Fwp%2Fv2%2Ftags&post=5384"}],"curies":[{"name":"wp","href":"https:\/\/api.w.org\/{rel}","templated":true}]}}