{"id":5378,"date":"2026-04-28T08:42:09","date_gmt":"2026-04-28T11:42:09","guid":{"rendered":"https:\/\/canal8.info\/?p=5378"},"modified":"2026-04-28T08:42:09","modified_gmt":"2026-04-28T11:42:09","slug":"persecucion-virtual-recuperan-vehiculo-robado-y-detienen-a-dos-hombres-en-barrio-arenales","status":"publish","type":"post","link":"https:\/\/canal8.info\/?p=5378","title":{"rendered":"Persecuci\u00f3n virtual: Recuperan veh\u00edculo robado y detienen a dos hombres en barrio Arenales"},"content":{"rendered":"\n<p>La inseguridad rural suele tener tiempos de respuesta lentos por la geograf\u00eda del terreno, pero esta vez la tecnolog\u00eda y la coordinaci\u00f3n operativa jugaron una carrera contra reloj que termin\u00f3 en jaque mate. Lo que comenz\u00f3 como una tarde de angustia en una finca de La Merced, termin\u00f3 con una persecuci\u00f3n silenciosa \u00aben las sombras\u00bb, donde los delincuentes nunca supieron que estaban siendo observados desde el primer kil\u00f3metro de su huida.<\/p>\n\n\n\n<p>La alerta original se encendi\u00f3 en la Subcomisar\u00eda San Agust\u00edn. Los propietarios del inmueble rural denunciaron la sustracci\u00f3n de su autom\u00f3vil, activando de inmediato un protocolo de b\u00fasqueda que traspas\u00f3 las fronteras de la localidad vallista. Sin embargo, el factor determinante no estuvo solo en las patrullas en la calle, sino en la red de monitoreo que cubre los accesos estrat\u00e9gicos a la ciudad.<\/p>\n\n\n\n<p>El primer \u00abpositivo\u00bb de las c\u00e1maras del Centro de Videovigilancia se registr\u00f3 en el ingreso a villa Palacios, en la zona sur de la capital salte\u00f1a. Lejos de iniciar una persecuci\u00f3n a alta velocidad que pudiera poner en riesgo a terceros, el Centro de Coordinaci\u00f3n Operativo opt\u00f3 por un seguimiento virtual. A trav\u00e9s de las pantallas, los operadores fueron \u00abentregando\u00bb la ubicaci\u00f3n en tiempo real del veh\u00edculo mientras las unidades terrestres se posicionaban de manera estrat\u00e9gica.<\/p>\n\n\n\n<p>El autom\u00f3vil avanzaba con una falsa sensaci\u00f3n de impunidad, cruzando puntos clave de la ciudad hasta adentrarse en el barrio Arenales. Fue all\u00ed donde el cerrojo policial se hizo efectivo: sin margen para el escape, los efectivos interceptaron el veh\u00edculo y terminaron con el periplo delictivo.<\/p>\n\n\n\n<p>En el interior del auto se encontraban dos hombres, de 52 y 45 a\u00f1os, quienes quedaron inmediatamente demorados. El contraste entre la edad de los sospechosos y la log\u00edstica del robo en una zona de fincas abre ahora nuevas l\u00edneas de investigaci\u00f3n para determinar si se trat\u00f3 de un hecho fortuito o de un accionar planificado.<\/p>\n\n\n\n<p>El autom\u00f3vil fue secuestrado y qued\u00f3 a disposici\u00f3n de la Justicia para los peritajes de rigor antes de ser restituido a sus propietarios.<\/p>\n\n\n\n<p>Actualmente, el caso se encuentra bajo la \u00f3rbita de la Fiscal\u00eda Penal de Cerrillos y el Juzgado de Garant\u00edas N\u00b0 5, mientras la polic\u00eda investiga si los demorados poseen antecedentes por delitos de similares caracter\u00edsticas en otras zonas productivas del Valle de Lerma. Este procedimiento vuelve a poner sobre la mesa la efectividad de la tecnolog\u00eda aplicada a la seguridad: cuando el ojo humano falla, el lente digital no parpadea.<\/p>\n\n\n\n<p>Director: Sergio Romero  Propietario:  Horizontes On Line SA. El Tribuno Salta  Domicilio: av Ex Combatientes de Malvinas 3890 &#8211; CP (A4412BYA) Salta<\/p>\n\n\n\n<hr class=\"wp-block-separator has-alpha-channel-opacity\"\/>\n\n\n\n<p><i>Fuente original: <a href='https:\/\/www.eltribuno.com\/policiales\/2026-4-28-6-32-0-persecucion-virtual-recuperan-vehiculo-robado-y-detienen-a-dos-hombres-en-barrio-arenales' target='_blank' rel='noopener'>El Tribuno<\/a><\/i><\/p>\n","protected":false},"excerpt":{"rendered":"<p>La inseguridad rural suele tener tiempos de respuesta lentos por la geograf\u00eda del terreno, pero esta vez la tecnolog\u00eda y la coordinaci\u00f3n operativa jugaron una carrera contra reloj que termin\u00f3 en jaque mate. Lo que comenz\u00f3 como una tarde de angustia en una finca de La Merced, termin\u00f3 con una persecuci\u00f3n silenciosa \u00aben las sombras\u00bb, [&hellip;]<\/p>\n","protected":false},"author":1,"featured_media":5377,"comment_status":"open","ping_status":"open","sticky":false,"template":"","format":"standard","meta":{"_jetpack_memberships_contains_paid_content":false,"jnews-multi-image_gallery":[],"jnews_single_post":[],"jnews_primary_category":[],"jnews_override_bookmark_settings":[],"jnews_social_meta":[],"jnews_paywall_metabox":[],"jnews_override_counter":[],"footnotes":"","jetpack_publicize_message":"","jetpack_publicize_feature_enabled":true,"jetpack_social_post_already_shared":true,"jetpack_social_options":{"image_generator_settings":{"template":"fullscreen","default_image_id":0,"font":"","enabled":false},"version":2},"_wpas_customize_per_network":false},"categories":[39],"tags":[],"class_list":["post-5378","post","type-post","status-publish","format-standard","has-post-thumbnail","hentry","category-noticias"],"jetpack_publicize_connections":[],"jetpack_featured_media_url":"https:\/\/canal8.info\/wp-content\/uploads\/2026\/04\/imagen_1777376523.jpg","jetpack_sharing_enabled":true,"jetpack_likes_enabled":true,"amp_enabled":true,"_links":{"self":[{"href":"https:\/\/canal8.info\/index.php?rest_route=\/wp\/v2\/posts\/5378","targetHints":{"allow":["GET"]}}],"collection":[{"href":"https:\/\/canal8.info\/index.php?rest_route=\/wp\/v2\/posts"}],"about":[{"href":"https:\/\/canal8.info\/index.php?rest_route=\/wp\/v2\/types\/post"}],"author":[{"embeddable":true,"href":"https:\/\/canal8.info\/index.php?rest_route=\/wp\/v2\/users\/1"}],"replies":[{"embeddable":true,"href":"https:\/\/canal8.info\/index.php?rest_route=%2Fwp%2Fv2%2Fcomments&post=5378"}],"version-history":[{"count":0,"href":"https:\/\/canal8.info\/index.php?rest_route=\/wp\/v2\/posts\/5378\/revisions"}],"wp:featuredmedia":[{"embeddable":true,"href":"https:\/\/canal8.info\/index.php?rest_route=\/wp\/v2\/media\/5377"}],"wp:attachment":[{"href":"https:\/\/canal8.info\/index.php?rest_route=%2Fwp%2Fv2%2Fmedia&parent=5378"}],"wp:term":[{"taxonomy":"category","embeddable":true,"href":"https:\/\/canal8.info\/index.php?rest_route=%2Fwp%2Fv2%2Fcategories&post=5378"},{"taxonomy":"post_tag","embeddable":true,"href":"https:\/\/canal8.info\/index.php?rest_route=%2Fwp%2Fv2%2Ftags&post=5378"}],"curies":[{"name":"wp","href":"https:\/\/api.w.org\/{rel}","templated":true}]}}