{"id":5365,"date":"2026-04-27T07:51:47","date_gmt":"2026-04-27T10:51:47","guid":{"rendered":"https:\/\/canal8.info\/?p=5365"},"modified":"2026-04-27T07:51:47","modified_gmt":"2026-04-27T10:51:47","slug":"el-precio-de-las-propiedades-sube-176-en-un-ano-pero-arranca-2026-con-caida-mensual","status":"publish","type":"post","link":"https:\/\/canal8.info\/?p=5365","title":{"rendered":"El precio de las propiedades sube 17,6% en un a\u00f1o, pero arranca 2026 con ca\u00edda mensual"},"content":{"rendered":"\n<p>La mediana de los valores baj\u00f3 en enero, mientras el mercado mostr\u00f3 m\u00e1s operaciones en febrero. Montevideo concentr\u00f3 m\u00e1s de un tercio de las compraventas.<\/p>\n\n\n\n<p>Montevideo concentr\u00f3 m\u00e1s de un tercio de las operaciones inmobiliarias del pa\u00eds.<\/p>\n\n\n\n<p>El mercado inmobiliario arranc\u00f3 2026 con se\u00f1ales mixtas, ya que  acumulan una suba interanual fuerte, pero comenzaron el a\u00f1o con una leve correcci\u00f3n a la baja en t\u00e9rminos mensuales.<\/p>\n\n\n\n<p>El contenido al que quiere acceder es exclusivo para suscriptores.<\/p>\n\n\n\n<p>Seg\u00fan el \u00faltimo informe del Instituto Nacional de Estad\u00edstica (INE), la mediana de los precios de las transacciones inmobiliarias se ubic\u00f3 en 92.000 d\u00f3lares en enero, lo que implic\u00f3 una ca\u00edda de 2,13% respecto al mes anterior, aunque en la comparaci\u00f3n anual registr\u00f3 un aumento de 17,6%.<\/p>\n\n\n\n<p>En paralelo, en febrero. Se registraron 3.464 altas de compraventa, lo que represent\u00f3 un aumento mensual de 16,71%, aunque todav\u00eda se ubica 5,56% por debajo del nivel del mismo mes del a\u00f1o pasado.<\/p>\n\n\n\n<p>El dinamismo del mercado se concentr\u00f3 principalmente en algunos departamentos. Montevideo lider\u00f3 con el 34,67% de las operaciones, seguido por Maldonado (19,49%), Canelones (13,94%), Rocha (8,26%) y Colonia (4,47%).<\/p>\n\n\n\n<p>El informe tambi\u00e9n muestra que el grueso de la actividad corresponde a operaciones concretadas. Las altas de compraventa representaron el 65,05% del total de movimientos, mientras que , un paso previo a la transacci\u00f3n, explicaron el 32,51%.<\/p>\n\n\n\n<p>A nivel territorial, se mantienen las brechas de precios. En diciembre de 2025, la mediana en Montevideo se ubicaba en torno a los 120.000 d\u00f3lares, mientras que en el interior rondaba los 75.000 d\u00f3lares.<\/p>\n\n\n\n<p>En enero, los valores en la capital registraron una baja mensual de 1,68%, mientras que en el interior se mantuvieron sin cambios, lo que contribuy\u00f3 a la ca\u00edda general del indicador.<\/p>\n\n\n\n<p>El comportamiento reciente refleja un mercado que, tras un per\u00edodo de fuerte valorizaci\u00f3n, comienza a mostrar se\u00f1ales de ajuste en el corto plazo. Desde el punto de vista metodol\u00f3gico, el INE utiliza la mediana de precios para evitar distorsiones generadas por operaciones de alto valor, lo que permite captar de forma m\u00e1s precisa la evoluci\u00f3n del mercado.<\/p>\n\n\n\n<p>En este contexto, el sector combina precios a\u00fan elevados en t\u00e9rminos anuales con un nivel de actividad que se recupera mes a mes, pero que todav\u00eda no logra consolidar un crecimiento sostenido frente a 2025.<\/p>\n\n\n\n<hr class=\"wp-block-separator has-alpha-channel-opacity\"\/>\n\n\n\n<p><i>Fuente original: <a href='https:\/\/www.ambito.com\/uruguay\/el-precio-las-propiedades-sube-176-un-ano-pero-arranca-2026-caida-mensual-n6271054' target='_blank' rel='noopener'>Ambito Financiero<\/a><\/i><\/p>\n","protected":false},"excerpt":{"rendered":"<p>La mediana de los valores baj\u00f3 en enero, mientras el mercado mostr\u00f3 m\u00e1s operaciones en febrero. Montevideo concentr\u00f3 m\u00e1s de un tercio de las compraventas. Montevideo concentr\u00f3 m\u00e1s de un tercio de las operaciones inmobiliarias del pa\u00eds. El mercado inmobiliario arranc\u00f3 2026 con se\u00f1ales mixtas, ya que acumulan una suba interanual fuerte, pero comenzaron el [&hellip;]<\/p>\n","protected":false},"author":1,"featured_media":5364,"comment_status":"open","ping_status":"open","sticky":false,"template":"","format":"standard","meta":{"_jetpack_memberships_contains_paid_content":false,"jnews-multi-image_gallery":[],"jnews_single_post":[],"jnews_primary_category":[],"jnews_override_bookmark_settings":[],"jnews_social_meta":[],"jnews_paywall_metabox":[],"jnews_override_counter":[],"footnotes":"","jetpack_publicize_message":"","jetpack_publicize_feature_enabled":true,"jetpack_social_post_already_shared":true,"jetpack_social_options":{"image_generator_settings":{"template":"fullscreen","default_image_id":0,"font":"","enabled":false},"version":2},"_wpas_customize_per_network":false},"categories":[39],"tags":[],"class_list":["post-5365","post","type-post","status-publish","format-standard","has-post-thumbnail","hentry","category-noticias"],"jetpack_publicize_connections":[],"jetpack_featured_media_url":"https:\/\/canal8.info\/wp-content\/uploads\/2026\/04\/imagen_1777287103.jpg","jetpack_sharing_enabled":true,"jetpack_likes_enabled":true,"amp_enabled":true,"_links":{"self":[{"href":"https:\/\/canal8.info\/index.php?rest_route=\/wp\/v2\/posts\/5365","targetHints":{"allow":["GET"]}}],"collection":[{"href":"https:\/\/canal8.info\/index.php?rest_route=\/wp\/v2\/posts"}],"about":[{"href":"https:\/\/canal8.info\/index.php?rest_route=\/wp\/v2\/types\/post"}],"author":[{"embeddable":true,"href":"https:\/\/canal8.info\/index.php?rest_route=\/wp\/v2\/users\/1"}],"replies":[{"embeddable":true,"href":"https:\/\/canal8.info\/index.php?rest_route=%2Fwp%2Fv2%2Fcomments&post=5365"}],"version-history":[{"count":0,"href":"https:\/\/canal8.info\/index.php?rest_route=\/wp\/v2\/posts\/5365\/revisions"}],"wp:featuredmedia":[{"embeddable":true,"href":"https:\/\/canal8.info\/index.php?rest_route=\/wp\/v2\/media\/5364"}],"wp:attachment":[{"href":"https:\/\/canal8.info\/index.php?rest_route=%2Fwp%2Fv2%2Fmedia&parent=5365"}],"wp:term":[{"taxonomy":"category","embeddable":true,"href":"https:\/\/canal8.info\/index.php?rest_route=%2Fwp%2Fv2%2Fcategories&post=5365"},{"taxonomy":"post_tag","embeddable":true,"href":"https:\/\/canal8.info\/index.php?rest_route=%2Fwp%2Fv2%2Ftags&post=5365"}],"curies":[{"name":"wp","href":"https:\/\/api.w.org\/{rel}","templated":true}]}}