{"id":5357,"date":"2026-04-27T07:46:18","date_gmt":"2026-04-27T10:46:18","guid":{"rendered":"https:\/\/canal8.info\/?p=5357"},"modified":"2026-04-27T07:46:18","modified_gmt":"2026-04-27T10:46:18","slug":"manuel-adorni-va-a-diputados-entre-la-presion-del-frente-judicial-y-la-oposicion-que-prepara-una-sesion-aspera","status":"publish","type":"post","link":"https:\/\/canal8.info\/?p=5357","title":{"rendered":"Manuel Adorni va a Diputados: entre la presi\u00f3n del frente judicial y la oposici\u00f3n que prepara una sesi\u00f3n \u00e1spera"},"content":{"rendered":"\n<p>El jefe de Gabinete presentar\u00e1 su primer informe de gesti\u00f3n en medio de las denuncias por presunto enriquecimiento il\u00edcito y con una oposici\u00f3n que busca convertir la sesi\u00f3n en una interpelaci\u00f3n pol\u00edtica.<\/p>\n\n\n\n<p>Adorni se ver\u00e1 las caras con los diputados esta semana, para dar su primer informe de gesti\u00f3n como jefe de Gabinete.<\/p>\n\n\n\n<p>una de sus pruebas pol\u00edticas m\u00e1s delicadas desde que asumi\u00f3 como jefe de Gabinete. Su desembarco en Diputados para presentar el informe de gesti\u00f3n, una instancia prevista por la Constituci\u00f3n, llega atravesado por investigaciones judiciales, tensiones en el oficialismo y una oposici\u00f3n que ya anticipa una sesi\u00f3n cargada de confrontaci\u00f3n.<\/p>\n\n\n\n<p>El contenido al que quiere acceder es exclusivo para suscriptores.<\/p>\n\n\n\n<p>La exposici\u00f3n, prevista para este mi\u00e9rcoles, se perfila como mucho m\u00e1s que un tr\u00e1mite institucional: en el Congreso la leen como una pulseada pol\u00edtica sobre la fortaleza del funcionario y, por extensi\u00f3n, sobre el respaldo del gobierno de Javier Milei.<\/p>\n\n\n\n<p>Seg\u00fan el esquema acordado entre la C\u00e1mara de Diputados y el Gobierno, Adorni abrir\u00e1 con una exposici\u00f3n inicial basada en las m\u00e1s de 4.600 preguntas enviadas por los bloques legislativos. Despu\u00e9s comenzar\u00e1 la ronda de interpelaciones, con participaci\u00f3n escalonada de los distintos espacios.<\/p>\n\n\n\n<p>Se estima una sesi\u00f3n extensa, de al menos seis horas, donde los bloques opositores buscar\u00e1n aprovechar el cara a cara para poner al funcionario contra las cuerdas.<\/p>\n\n\n\n<p>En Uni\u00f3n por la Patria ya dejaron trascender que el objetivo ser\u00e1 ir m\u00e1s all\u00e1 del informe de gesti\u00f3n y llevar el debate hacia las denuncias que rodean al jefe de Gabinete. Pero no ser\u00e1 el \u00fanico frente: tambi\u00e9n se esperan cuestionamientos sobre ajuste, universidades, discapacidad, PAMI y los puntos m\u00e1s sensibles del programa econ\u00f3mico libertario.<\/p>\n\n\n\n<p>Los diputados, a la espera de la presencia de Adorni para su informe de gesti\u00f3n.<\/p>\n\n\n\n<p>En la Casa Rosada dan por descontado que Adorni llegar\u00e1 con respaldo expl\u00edcito del Presidente. Javier Milei planea acompa\u00f1arlo junto a integrantes del gabinete, un gesto pensado para blindar pol\u00edticamente a un funcionario golpeado por las pol\u00e9micas.<\/p>\n\n\n\n<p>El mensaje es doble: sostenerlo frente a la oposici\u00f3n y evitar que la sesi\u00f3n sea le\u00edda como una antesala de desgaste interno. En Balcarce 50 reconocen que la exposici\u00f3n es una prueba de fuego. Si Adorni sale fortalecido, podr\u00e1 recomponer centralidad; si queda expuesto, la presi\u00f3n pol\u00edtica podr\u00eda escalar.<\/p>\n\n\n\n<p>En el oficialismo trabajan sobre una hoja de ruta defensiva. La idea es limitar respuestas sobre causas judiciales, remitir a la informaci\u00f3n ya enviada en el informe y evitar que la sesi\u00f3n derive en un terreno exclusivamente patrimonial.<\/p>\n\n\n\n<p>Incluso circula una f\u00f3rmula preparada para preguntas inc\u00f3modas: \u201cEso ya fue respondido en el informe\u201d.<\/p>\n\n\n\n<p>El cierre, adem\u00e1s, tendr\u00e1 un gesto particular. Seg\u00fan trascendi\u00f3, La Libertad Avanza casi no har\u00e1 preguntas propias y reservar\u00e1 una intervenci\u00f3n breve de Gabriel Bornoroni para cerrar filas detr\u00e1s del funcionario.<\/p>\n\n\n\n<p>Aunque los bloques opositores todav\u00eda no unificaron una t\u00e1ctica, hay coincidencia en un punto: buscar que Adorni quede expuesto.<\/p>\n\n\n\n<p>Algunos sectores quieren centrar toda la sesi\u00f3n en las denuncias por presunto enriquecimiento il\u00edcito. Otros prefieren aprovechar para atacar la gesti\u00f3n libertaria sin convertir al funcionario en v\u00edctima de una emboscada pol\u00edtica.<\/p>\n\n\n\n<p>La discusi\u00f3n interna pasa por c\u00f3mo incomodar sin darle al oficialismo margen para victimizarse. En los pasillos del Congreso hablan de una sesi\u00f3n de alto voltaje.<\/p>\n\n\n\n<hr class=\"wp-block-separator has-alpha-channel-opacity\"\/>\n\n\n\n<p><i>Fuente original: <a href='https:\/\/www.ambito.com\/politica\/manuel-adorni-va-diputados-la-presion-del-frente-judicial-y-la-oposicion-que-prepara-una-sesion-aspera-n6270965' target='_blank' rel='noopener'>Ambito Financiero<\/a><\/i><\/p>\n","protected":false},"excerpt":{"rendered":"<p>El jefe de Gabinete presentar\u00e1 su primer informe de gesti\u00f3n en medio de las denuncias por presunto enriquecimiento il\u00edcito y con una oposici\u00f3n que busca convertir la sesi\u00f3n en una interpelaci\u00f3n pol\u00edtica. Adorni se ver\u00e1 las caras con los diputados esta semana, para dar su primer informe de gesti\u00f3n como jefe de Gabinete. una de [&hellip;]<\/p>\n","protected":false},"author":1,"featured_media":5356,"comment_status":"open","ping_status":"open","sticky":false,"template":"","format":"standard","meta":{"_jetpack_memberships_contains_paid_content":false,"jnews-multi-image_gallery":[],"jnews_single_post":[],"jnews_primary_category":[],"jnews_override_bookmark_settings":[],"jnews_social_meta":[],"jnews_paywall_metabox":[],"jnews_override_counter":[],"footnotes":"","jetpack_publicize_message":"","jetpack_publicize_feature_enabled":true,"jetpack_social_post_already_shared":true,"jetpack_social_options":{"image_generator_settings":{"template":"fullscreen","default_image_id":0,"font":"","enabled":false},"version":2},"_wpas_customize_per_network":false},"categories":[39],"tags":[],"class_list":["post-5357","post","type-post","status-publish","format-standard","has-post-thumbnail","hentry","category-noticias"],"jetpack_publicize_connections":[],"jetpack_featured_media_url":"https:\/\/canal8.info\/wp-content\/uploads\/2026\/04\/imagen_1777286775.jpg","jetpack_sharing_enabled":true,"jetpack_likes_enabled":true,"amp_enabled":true,"_links":{"self":[{"href":"https:\/\/canal8.info\/index.php?rest_route=\/wp\/v2\/posts\/5357","targetHints":{"allow":["GET"]}}],"collection":[{"href":"https:\/\/canal8.info\/index.php?rest_route=\/wp\/v2\/posts"}],"about":[{"href":"https:\/\/canal8.info\/index.php?rest_route=\/wp\/v2\/types\/post"}],"author":[{"embeddable":true,"href":"https:\/\/canal8.info\/index.php?rest_route=\/wp\/v2\/users\/1"}],"replies":[{"embeddable":true,"href":"https:\/\/canal8.info\/index.php?rest_route=%2Fwp%2Fv2%2Fcomments&post=5357"}],"version-history":[{"count":0,"href":"https:\/\/canal8.info\/index.php?rest_route=\/wp\/v2\/posts\/5357\/revisions"}],"wp:featuredmedia":[{"embeddable":true,"href":"https:\/\/canal8.info\/index.php?rest_route=\/wp\/v2\/media\/5356"}],"wp:attachment":[{"href":"https:\/\/canal8.info\/index.php?rest_route=%2Fwp%2Fv2%2Fmedia&parent=5357"}],"wp:term":[{"taxonomy":"category","embeddable":true,"href":"https:\/\/canal8.info\/index.php?rest_route=%2Fwp%2Fv2%2Fcategories&post=5357"},{"taxonomy":"post_tag","embeddable":true,"href":"https:\/\/canal8.info\/index.php?rest_route=%2Fwp%2Fv2%2Ftags&post=5357"}],"curies":[{"name":"wp","href":"https:\/\/api.w.org\/{rel}","templated":true}]}}