{"id":5349,"date":"2026-04-26T10:58:27","date_gmt":"2026-04-26T13:58:27","guid":{"rendered":"https:\/\/canal8.info\/?p=5349"},"modified":"2026-04-26T10:58:27","modified_gmt":"2026-04-26T13:58:27","slug":"luisa-gonzalez-america-latina-deberia-construir-un-bloque-como-la-union-europea-mas-alla-de-la-ideologia-de-los-gobiernos-de-turno","status":"publish","type":"post","link":"https:\/\/canal8.info\/?p=5349","title":{"rendered":"Luisa Gonz\u00e1lez: \u201cAm\u00e9rica Latina deber\u00eda construir un bloque como la Uni\u00f3n Europea, m\u00e1s all\u00e1 de la ideolog\u00eda de los gobiernos de turno\u201d"},"content":{"rendered":"\n<p>La excandidata presidencial de Ecuador dialog\u00f3 con \u00c1mbito en Montevideo. Fustig\u00f3 al presidente de su pa\u00eds, Daniel Noboa, y a Donald Trump por el \u00abdeterioro de las condiciones democr\u00e1ticas\u00bb. Breg\u00f3 por un bloque unificado regional, m\u00e1s all\u00e1 de los sesgos de las administraciones. Lanz\u00f3 fuertes cr\u00edticas a Milei: \u00abCuando dicen que hay que recortar el gasto, se hace sobre la inconsciencia de que los derechos no ser\u00e1n garantizados\u00bb.<\/p>\n\n\n\n<p>Luisa Gonz\u00e1lez lleg\u00f3 a Montevideo para asistir al aCumbre Mundial de Comunicaci\u00f3n Pol\u00edtica<\/p>\n\n\n\n<p>La excandidata presidencial ecuatoriana Luisa Gonz\u00e1lez pas\u00f3 por la , donde \u00c1mbito fue media partner.<\/p>\n\n\n\n<p>El contenido al que quiere acceder es exclusivo para suscriptores.<\/p>\n\n\n\n<p>Reci\u00e9n arribada de otra cumbre en Barcelona, que reuni\u00f3 a l\u00edderes progresitas, entre ellos el espa\u00f1ol Pedro S\u00e1nchez, el brasile\u00f1o Lula da Silva, la mexicana Claudia Sheinbaum, adem\u00e1s de Axel Kicillof, Luisa Gonz\u00e1lez cuestion\u00f3 el respaldo de Estados Unidos al gobierno de Daniel Noboa y plante\u00f3 la necesidad de avanzar hacia una integraci\u00f3n latinoamericana similar a la europea, que logre sumar los pa\u00edses \u00abindependientemente de la ideolog\u00eda del gobierno de turno\u00bb. \u00abEuropa, a pesar de sus enormes diferencias culturales, ling\u00fc\u00edsticas e hist\u00f3ricas, logr\u00f3 construir la Uni\u00f3n Europea. Son pa\u00edses que incluso se enfrentaron en guerras devastadoras\u00bb, dijo.<\/p>\n\n\n\n<p>La ecuatoriana, que el a\u00f1o pasado desconoci\u00f3 los resultados de las elecciones en las que cay\u00f3 derrotada frente a Noboa, se refiri\u00f3 a los temas de la cumbre uruguaya y reivindic\u00f3 la campa\u00f1a territorial en contextos de violencia. Tambi\u00e9n sostuvo que Rafael Correa sigue siendo la figura pol\u00edtica m\u00e1s influyente de Ecuador. Asimismo, lanz\u00f3 fuertes cr\u00edticas a Javier Milei: \u00ab\u00bfQu\u00e9 libertad puede tener el que no tiene para comer o el que no puede ir a un hospital a ser atendido? Tambi\u00e9n se\u00f1al\u00f3 que tanto Noboa como el argentino \u00abest\u00e1n m\u00e1s preocupados por cumplir los deberes frente a Estados Unidos\u00bb.<\/p>\n\n\n\n<p>Periodista: Su campa\u00f1a se desarroll\u00f3 en un contexto de violencia muy fuerte en Ecuador. \u00bfC\u00f3mo conviv\u00eda con ese riesgo?<\/p>\n\n\n\n<p>Luisa Gonz\u00e1lez: Fue un momento extremadamente complejo. Ven\u00edamos del asesinato de un candidato presidencial (NdR: Fernando Villavicencio, en 2023) y todos sab\u00edamos que el riesgo exist\u00eda. Hab\u00eda miedo, claro que s\u00ed. Pero yo tom\u00e9 una decisi\u00f3n: no pod\u00eda dejar de estar cerca de la gente por ese miedo. Ese era el elemento que me diferenciaba de mis competidores. Muchos evitaban el contacto f\u00edsico o los recorridos en territorio porque la situaci\u00f3n era muy peligrosa. Yo decid\u00ed asumir ese riesgo. Recuerdo que a los militares que estaban a cargo de mi seguridad les dije algo muy claro: mi trabajo es ser candidata y el suyo es mantenerme viva. Cada uno tiene que cumplir su rol. Si empez\u00e1bamos a suspender recorridas cada vez que aparec\u00eda una alerta, entonces la campa\u00f1a se volv\u00eda imposible.<\/p>\n\n\n\n<p>La excandidata ecuatoriana cuestion\u00f3 a Noboa y Milei por \u00abhacer los deberes a EEUU\u00bb.<\/p>\n\n\n\n<p>P: \u00bfC\u00f3mo recuerda hoy la elecci\u00f3n que termin\u00f3 perdiendo frente a Daniel Noboa, cuyos resultados desconoci\u00f3?<\/p>\n\n\n\n<p>L.G.: Las elecciones fueron el domingo 13 de abril. Y el lunes 14 yo ya estaba otra vez en la calle, en reuniones, en territorio. No par\u00e9 ni un solo d\u00eda. Mucha gente me preguntaba c\u00f3mo pod\u00eda seguir despu\u00e9s de lo que pas\u00f3, despu\u00e9s de lo que nosotros consideramos un fraude electoral. Pero millones de personas nos apoyaron, confiaron en nosotros, y ese respaldo no desaparece de un d\u00eda para el otro. Eso te genera una responsabilidad muy grande. Adem\u00e1s, Ecuador est\u00e1 viviendo una situaci\u00f3n social muy dura. Tenemos cerca de cuatro millones de personas con hambre y casi la mitad de la poblaci\u00f3n entre pobreza y extrema pobreza. Cinco de las diez ciudades m\u00e1s violentas del mundo est\u00e1n en Ecuador.<\/p>\n\n\n\n<p>P: \u00bfC\u00f3mo eval\u00faa hoy al gobierno de Daniel Noboa y su relaci\u00f3n con Estados Unidos?<\/p>\n\n\n\n<p>L.G.: Hay varios elementos preocupantes. Para m\u00ed, EEUU est\u00e1 teniendo un rol clave en el deterioro de las condiciones democr\u00e1ticas y socioecon\u00f3micas en Ecuador, porque respalda a un gobierno que tiene serios cuestionamientos. Estamos hablando de empresas vinculadas al propio Presidente donde se han encontrado cargamentos de coca\u00edna en contenedores. Toneladas de droga que aparecen en haciendas, puertos o compa\u00f1\u00edas vinculadas al entorno empresarial del presidente. Y cuando esos casos llegan a la Justicia terminan archivados, sin responsables, sin investigaciones profundas. Lo que llama la atenci\u00f3n es que Estados Unidos, que en el discurso internacional se presenta como el gran luchador contra el narcotr\u00e1fico, respalde a un gobierno con estos indicios. Ecuador es una econom\u00eda peque\u00f1a, con apenas 18 millones de habitantes, pero hoy se ha convertido en un punto central del narcotr\u00e1fico internacional. Aproximadamente el 70% de la droga que circula hacia el mundo sale desde Ecuador. Mientras Ecuador le sea \u00fatil a Trump, lo van a defender al Presidente, sea lo que sea.<\/p>\n\n\n\n<p>P: \u00bfLe preocupa la tensi\u00f3n que se ha generado con Colombia, entre Noboa y Petro? \u00bfC\u00f3mo observa esa relaci\u00f3n?<\/p>\n\n\n\n<p>L.G.: Con mucha preocupaci\u00f3n, porque somos pueblos profundamente vinculados. Tenemos hasta los mismos colores en la bandera. Compartimos historia, cultura, incluso los mismos colores en nuestras banderas. Fuimos parte de lo que alguna vez fue el sue\u00f1o de la Gran Colombia. Adem\u00e1s, pertenecemos a la Comunidad Andina de Naciones, donde hist\u00f3ricamente se ha promovido la integraci\u00f3n. Incluso pod\u00e9s viajar entre nuestros pa\u00edses sin pasaporte, solo con el documento. Estos conflictos los genera Novoa para ser servil a los intereses de los EEUU. Se decidi\u00f3 imponer aranceles del 100% a productos colombianos, incluso a medicamentos. Y eso es grav\u00edsimo en un pa\u00eds donde el sistema de salud est\u00e1 en crisis. Hoy hay hospitales sin medicamentos, personas que mueren esperando atenci\u00f3n m\u00e9dica porque no hay insumos o porque ni siquiera hay combustible para ambulancias. Entonces la pregunta es: \u00bfc\u00f3mo un gobierno decide encarecer los medicamentos en ese contexto? Solo se explica por decisiones geopol\u00edticas que responden a intereses externos.<\/p>\n\n\n\n<p>P: Rafael Correa tuvo un liderazgo muy fuerte en la regi\u00f3n. \u00bfCu\u00e1l es su influencia hoy en Ecuador?<\/p>\n\n\n\n<p>L.G. Rafael Correa sigue siendo, hoy por hoy, la figura pol\u00edtica m\u00e1s fuerte del Ecuador y el vocero m\u00e1s influyente frente a amplios sectores de la poblaci\u00f3n. Pero m\u00e1s all\u00e1 de los nombres, creo que lo importante es recordar el proyecto que existi\u00f3 en Am\u00e9rica Latina durante la d\u00e9cada progresista.<\/p>\n\n\n\n<p>Luisa Gonz\u00e1lez dialog\u00f3 con \u00c1mbito tras llegar desde Barcelona, donde particip\u00f3 de la reuni\u00f3n de l\u00edderes progresistas.<\/p>\n\n\n\n<p>L.G.: A la idea de una integraci\u00f3n latinoamericana mucho m\u00e1s profunda. Europa, a pesar de sus enormes diferencias culturales, ling\u00fc\u00edsticas e hist\u00f3ricas, logr\u00f3 construir la Uni\u00f3n Europea. Son pa\u00edses que incluso se enfrentaron en guerras devastadoras y, sin embargo, decidieron avanzar hacia una integraci\u00f3n pol\u00edtica y econ\u00f3mica. En Am\u00e9rica Latina tenemos muchas m\u00e1s cosas en com\u00fan: una historia compartida, en la mayor\u00eda de los casos el mismo idioma, problemas sociales similares y desaf\u00edos econ\u00f3micos parecidos. Ese fue el proyecto que impulsaron l\u00edderes como Rafael Correa, Evo Morales, Cristina Kirchner, Hugo Ch\u00e1vez o Lula da Silva: construir una comunidad latinoamericana capaz de actuar como bloque.<\/p>\n\n\n\n<p>L.G.: En gran medida por la injerencia de Estados Unidos en la regi\u00f3n. Hay una pol\u00edtica hist\u00f3rica que busca que Am\u00e9rica Latina siga funcionando como una especie de patio trasero. A trav\u00e9s de determinadas \u00e9lites econ\u00f3micas y pol\u00edticas se debilitan los procesos de integraci\u00f3n y se fragmentan nuestras sociedades. Eso rompe cualquier intento de consolidar un bloque regional fuerte. Adem\u00e1s, todos los pa\u00edses que buscaban esa unidad ten\u00edan Gobiernos progresistas, y cuando se rompi\u00f3 el progresismo se rompi\u00f3 la unidad. Tiene que servir de lecci\u00f3n para que la unidad sea independiente de la ideolog\u00eda del Gobierno de turno.<\/p>\n\n\n\n<p>P: Hoy la regi\u00f3n est\u00e1 muy polarizada. \u00bfCree que igual es posible avanzar hacia esa unidad?<\/p>\n\n\n\n<p>L.G.: La unidad deber\u00eda construirse independientemente de si los gobiernos son de izquierda o de derecha. En la Uni\u00f3n Europea conviven gobiernos socialistas, liberales, conservadores o de derecha. Pero aun as\u00ed funcionan como bloque porque priorizan los intereses de sus pueblos. Eso es lo que deber\u00eda pasar en Am\u00e9rica Latina. Que Europa hoy le diga a Trump: \u201cYo no voy a ir a su guerra, por mi espacio a\u00e9reo usted no pasa\u201d, es muy significativo.<\/p>\n\n\n\n<p>P: Pero hoy parece dif\u00edcil imaginar en una misma mesa a l\u00edderes como Lula, Noboa, Petro o Milei.<\/p>\n\n\n\n<p>L.G.: Es dif\u00edcil cuando hay presidentes que gobiernan m\u00e1s en funci\u00f3n de intereses externos que de los intereses de sus propios pueblos. Yo creo que hay mandatarios que est\u00e1n m\u00e1s preocupados por cumplir los deberes frente a Estados Unidos que por resolver los problemas de sus sociedades. Cuando Am\u00e9rica Latina tenga gobiernos que, m\u00e1s all\u00e1 de su ideolog\u00eda, prioricen a sus pueblos, entonces podremos avanzar hacia esa integraci\u00f3n regional.<\/p>\n\n\n\n<p>P: \u00bfCree que Am\u00e9rica Latina se \u201cderechiz\u00f3\u201d en los \u00faltimos a\u00f1os? \u00bfHan influido las demandas no satisfechas durante los gobiernos progresistas?<\/p>\n\n\n\n<p>L.G.: Creo que los gobiernos progresistas hicieron mucho por sus pueblos. Nadie hizo tanto por Am\u00e9rica Latina en materia de salud, educaci\u00f3n, infraestructura o reducci\u00f3n de la pobreza. Pero tambi\u00e9n hay que tener perspectiva hist\u00f3rica. En diez a\u00f1os de gobierno no se pueden resolver problemas estructurales que vienen acumul\u00e1ndose desde hace cien a\u00f1os. En Ecuador, por ejemplo, durante el corre\u00edsmo llegamos a ser el segundo pa\u00eds m\u00e1s seguro de Am\u00e9rica Latina. Hoy somos uno de los m\u00e1s violentos de la regi\u00f3n. Eso tambi\u00e9n muestra lo que ocurri\u00f3 cuando esos procesos se interrumpieron.<\/p>\n\n\n\n<p>La excandidata insisti\u00f3 en la necesidad de un bloque regional latinoamericano.<\/p>\n\n\n\n<p>P: \u00bfSigue la pol\u00edtica argentina? \u00bftiene una opini\u00f3n formada del actual proceso pol\u00edtico?<\/p>\n\n\n\n<p>L.G.: Visit\u00e9 Buenos Aires hace poco y me llam\u00f3 la atenci\u00f3n la pobreza en la calle. La primera vez que fui a la ciudad fue en 2008, pero nunca vi la mendicidad que vi ahora. Me sorprendi\u00f3. Hay una diferencia, claro. Hay un presidente que dice: \u201cLibertad, libertad\u201d. \u00bfQu\u00e9 libertad puede tener el que no tiene para comer o el que no puede ir a un hospital a ser atendido? \u00bfQu\u00e9 libertad si le dan palos a los jubilados o el presidente difunde en sus redes sociales que pongan dinero en las criptomonedas para robar esos recursos? Dice: \u201cFuera el ministerio de transporte\u00bb&#8230; termin\u00f3 llevando afuera a la gente de su empleo, a los j\u00f3venes de la universidad y el pan de cada d\u00eda de las familias.<\/p>\n\n\n\n<p>P: Sin embargo, en Argentina Javier Milei gan\u00f3 con una campa\u00f1a donde avis\u00f3 que habr\u00eda recortes de gastos<\/p>\n\n\n\n<p>L.G.: Hay dos cosas que ha sabido hacer la derecha: el odio y la inconsciencia. Te dicen que odiar el otro, el otro es el malo. La inconsciencia: cuando te dicen que hay que reducir el gasto p\u00fablico, no queda claro que eso significa que te quiten las medicinas, atenci\u00f3n de salud, pensiones jubilatorias, obras p\u00fablicas que generan desarrollos, acceso a la universidad. Cuando se dice \u201c\u00a1A reducir!\u201d hay una inconsciencia de lo que eso significa, de que los derechos no van a ser garantizados.<\/p>\n\n\n\n<p>L.G.: Tuve conversaciones con Axel Kicillof, tambi\u00e9n con \u00abWado\u00bb de Pedro, una figura fuerte del kirchnersimo. Ahora vengo de una reuni\u00f3n en Barcelona, una cumbre de izquierda o progresista, donde hab\u00eda referentes de Asia, de \u00c1frica, de Am\u00e9rica Latina y tambi\u00e9n de EEUU, donde hay gente en contra la guerra y de Trump. Los pa\u00edses de Latinoam\u00e9rica buscan de garantizar la democracia, en momentos donde aparecen reg\u00edmenes que buscan cooptar la Justicia para perseguir oponentes.<\/p>\n\n\n\n<hr class=\"wp-block-separator has-alpha-channel-opacity\"\/>\n\n\n\n<p><i>Fuente original: <a href='https:\/\/www.ambito.com\/politica\/luisa-gonzalez-america-latina-deberia-construir-un-bloque-como-la-union-europea-mas-alla-la-ideologia-los-gobiernos-turno-n6270478' target='_blank' rel='noopener'>Ambito Financiero<\/a><\/i><\/p>\n","protected":false},"excerpt":{"rendered":"<p>La excandidata presidencial de Ecuador dialog\u00f3 con \u00c1mbito en Montevideo. Fustig\u00f3 al presidente de su pa\u00eds, Daniel Noboa, y a Donald Trump por el \u00abdeterioro de las condiciones democr\u00e1ticas\u00bb. Breg\u00f3 por un bloque unificado regional, m\u00e1s all\u00e1 de los sesgos de las administraciones. Lanz\u00f3 fuertes cr\u00edticas a Milei: \u00abCuando dicen que hay que recortar el [&hellip;]<\/p>\n","protected":false},"author":1,"featured_media":5348,"comment_status":"open","ping_status":"open","sticky":false,"template":"","format":"standard","meta":{"_jetpack_memberships_contains_paid_content":false,"jnews-multi-image_gallery":[],"jnews_single_post":[],"jnews_primary_category":[],"jnews_override_bookmark_settings":[],"jnews_social_meta":[],"jnews_paywall_metabox":[],"jnews_override_counter":[],"footnotes":"","jetpack_publicize_message":"","jetpack_publicize_feature_enabled":true,"jetpack_social_post_already_shared":true,"jetpack_social_options":{"image_generator_settings":{"template":"fullscreen","default_image_id":0,"font":"","enabled":false},"version":2},"_wpas_customize_per_network":false},"categories":[39],"tags":[],"class_list":["post-5349","post","type-post","status-publish","format-standard","has-post-thumbnail","hentry","category-noticias"],"jetpack_publicize_connections":[],"jetpack_featured_media_url":"https:\/\/canal8.info\/wp-content\/uploads\/2026\/04\/imagen_1777211903.jpg","jetpack_sharing_enabled":true,"jetpack_likes_enabled":true,"amp_enabled":true,"_links":{"self":[{"href":"https:\/\/canal8.info\/index.php?rest_route=\/wp\/v2\/posts\/5349","targetHints":{"allow":["GET"]}}],"collection":[{"href":"https:\/\/canal8.info\/index.php?rest_route=\/wp\/v2\/posts"}],"about":[{"href":"https:\/\/canal8.info\/index.php?rest_route=\/wp\/v2\/types\/post"}],"author":[{"embeddable":true,"href":"https:\/\/canal8.info\/index.php?rest_route=\/wp\/v2\/users\/1"}],"replies":[{"embeddable":true,"href":"https:\/\/canal8.info\/index.php?rest_route=%2Fwp%2Fv2%2Fcomments&post=5349"}],"version-history":[{"count":0,"href":"https:\/\/canal8.info\/index.php?rest_route=\/wp\/v2\/posts\/5349\/revisions"}],"wp:featuredmedia":[{"embeddable":true,"href":"https:\/\/canal8.info\/index.php?rest_route=\/wp\/v2\/media\/5348"}],"wp:attachment":[{"href":"https:\/\/canal8.info\/index.php?rest_route=%2Fwp%2Fv2%2Fmedia&parent=5349"}],"wp:term":[{"taxonomy":"category","embeddable":true,"href":"https:\/\/canal8.info\/index.php?rest_route=%2Fwp%2Fv2%2Fcategories&post=5349"},{"taxonomy":"post_tag","embeddable":true,"href":"https:\/\/canal8.info\/index.php?rest_route=%2Fwp%2Fv2%2Ftags&post=5349"}],"curies":[{"name":"wp","href":"https:\/\/api.w.org\/{rel}","templated":true}]}}