{"id":5343,"date":"2026-04-26T10:55:28","date_gmt":"2026-04-26T13:55:28","guid":{"rendered":"https:\/\/canal8.info\/?p=5343"},"modified":"2026-04-26T10:55:28","modified_gmt":"2026-04-26T13:55:28","slug":"conmocion-en-el-futbol-murio-el-nigeriano-michael-eneramo-tras-desplomarse-durante-un-partido","status":"publish","type":"post","link":"https:\/\/canal8.info\/?p=5343","title":{"rendered":"Conmoci\u00f3n en el f\u00fatbol: muri\u00f3 el nigeriano Michael Eneramo tras desplomarse durante un partido"},"content":{"rendered":"\n<p>El exdelantero de la Selecci\u00f3n de Nigeria sufri\u00f3 una descompensaci\u00f3n mientras disputaba un amistoso en Kaduna, su ciudad natal. Fue figura del Esp\u00e9rance de T\u00fanez y tambi\u00e9n jug\u00f3 en Besiktas.<\/p>\n\n\n\n<p>Michael Eneramo fue internacional con Nigeria y dej\u00f3 una fuerte huella en el Esp\u00e9rance de T\u00fanez, donde atraves\u00f3 uno de los mejores momentos de su carrera.<\/p>\n\n\n\n<p>El  africano qued\u00f3 conmocionado por la muerte de Michael Eneramo, exdelantero de la Selecci\u00f3n de Nigeria, quien falleci\u00f3 a los 40 a\u00f1os luego de desplomarse en pleno partido en Kaduna, su ciudad natal.<\/p>\n\n\n\n<p>El contenido al que quiere acceder es exclusivo para suscriptores.<\/p>\n\n\n\n<p>El exjugador participaba de un encuentro amistoso vinculado a una academia de f\u00fatbol cuando sufri\u00f3 una descompensaci\u00f3n en el campo de juego. El episodio ocurri\u00f3 durante el segundo tiempo y, pese a los intentos de asistencia y reanimaci\u00f3n, no logr\u00f3 recuperar los signos vitales.<\/p>\n\n\n\n<p>Eneramo hab\u00eda disputado la primera parte del encuentro con normalidad. Tras caer sobre el c\u00e9sped, fue asistido por personas presentes en el lugar y luego trasladado a un centro m\u00e9dico cercano, donde se constat\u00f3 su fallecimiento. De acuerdo con las primeras versiones, la causa habr\u00eda sido un paro card\u00edaco.<\/p>\n\n\n\n<p>La Federaci\u00f3n Nigeriana de F\u00fatbol confirm\u00f3 la noticia y expres\u00f3 su pesar por la muerte del exatacante. \u201cEsto es devastador. Solo puedo rezar para que Dios le conceda el descanso eterno y tambi\u00e9n d\u00e9 a sus seres queridos y a la familia del f\u00fatbol nigeriano la fortaleza para sobrellevar esta p\u00e9rdida\u201d, se\u00f1al\u00f3 el secretario general del organismo, Mohammed Sanusi.<\/p>\n\n\n\n<p>Tambi\u00e9n lo despidi\u00f3 el Esp\u00e9rance de T\u00fanez, club en el que Eneramo vivi\u00f3 uno de los momentos m\u00e1s importantes de su carrera. \u201cCon profundo dolor y tristeza, el Esperance de T\u00fanez despide a uno de sus fieles hijos, Michael Enramo\u201d, public\u00f3 la instituci\u00f3n.<\/p>\n\n\n\n<p>\u201cCon el coraz\u00f3n encogido por el dolor, el Esperance de T\u00fanez llora la p\u00e9rdida de su exjugador nigeriano Michael Enramo, quien nos ha dejado tras una carrera excepcional que permanecer\u00e1 grabada en la memoria del club y de su afici\u00f3n, generaci\u00f3n tras generaci\u00f3n\u201d, agreg\u00f3 el comunicado.<\/p>\n\n\n\n<p>Nacido el 26 de noviembre de 1985, Eneramo fue uno de los delanteros extranjeros m\u00e1s recordados del f\u00fatbol tunecino. En el Esp\u00e9rance marc\u00f3 una etapa de alto impacto, con 65 goles en 110 partidos, t\u00edtulos nacionales y un reconocimiento sostenido por parte de los hinchas.<\/p>\n\n\n\n<p>Su potencia f\u00edsica y capacidad para definir dentro del \u00e1rea le valieron el apodo de \u201cEl Tanque\u201d. Ese rendimiento le permiti\u00f3 dar el salto al f\u00fatbol turco, donde jug\u00f3 en clubes como Besiktas, Istanbul Basaksehir, Sivasspor, Manisaspor y Karab\u00fckspor. En la S\u00fcper Lig disput\u00f3 m\u00e1s de 100 partidos y convirti\u00f3 31 goles.<\/p>\n\n\n\n<p>Con la camiseta de la Selecci\u00f3n de Nigeria, Eneramo debut\u00f3 en febrero de 2009. Entre ese a\u00f1o y 2011 jug\u00f3 11 partidos y anot\u00f3 tres goles para las S\u00faper \u00c1guilas. Tras su retiro profesional, en 2018, el exdelantero regres\u00f3 a Nigeria y continu\u00f3 vinculado al f\u00fatbol a trav\u00e9s de una academia en Kaduna, orientada a la formaci\u00f3n de j\u00f3venes talentos.<\/p>\n\n\n\n<hr class=\"wp-block-separator has-alpha-channel-opacity\"\/>\n\n\n\n<p><i>Fuente original: <a href='https:\/\/www.ambito.com\/deportes\/conmocion-el-futbol-murio-el-nigeriano-michael-eneramo-desplomarse-un-partido-n6270658' target='_blank' rel='noopener'>Ambito Financiero<\/a><\/i><\/p>\n","protected":false},"excerpt":{"rendered":"<p>El exdelantero de la Selecci\u00f3n de Nigeria sufri\u00f3 una descompensaci\u00f3n mientras disputaba un amistoso en Kaduna, su ciudad natal. Fue figura del Esp\u00e9rance de T\u00fanez y tambi\u00e9n jug\u00f3 en Besiktas. Michael Eneramo fue internacional con Nigeria y dej\u00f3 una fuerte huella en el Esp\u00e9rance de T\u00fanez, donde atraves\u00f3 uno de los mejores momentos de su [&hellip;]<\/p>\n","protected":false},"author":1,"featured_media":5342,"comment_status":"open","ping_status":"open","sticky":false,"template":"","format":"standard","meta":{"_jetpack_memberships_contains_paid_content":false,"jnews-multi-image_gallery":[],"jnews_single_post":[],"jnews_primary_category":[],"jnews_override_bookmark_settings":[],"jnews_social_meta":[],"jnews_paywall_metabox":[],"jnews_override_counter":[],"footnotes":"","jetpack_publicize_message":"","jetpack_publicize_feature_enabled":true,"jetpack_social_post_already_shared":true,"jetpack_social_options":{"image_generator_settings":{"template":"fullscreen","default_image_id":0,"font":"","enabled":false},"version":2},"_wpas_customize_per_network":false},"categories":[39],"tags":[],"class_list":["post-5343","post","type-post","status-publish","format-standard","has-post-thumbnail","hentry","category-noticias"],"jetpack_publicize_connections":[],"jetpack_featured_media_url":"https:\/\/canal8.info\/wp-content\/uploads\/2026\/04\/imagen_1777211721.jpg","jetpack_sharing_enabled":true,"jetpack_likes_enabled":true,"amp_enabled":true,"_links":{"self":[{"href":"https:\/\/canal8.info\/index.php?rest_route=\/wp\/v2\/posts\/5343","targetHints":{"allow":["GET"]}}],"collection":[{"href":"https:\/\/canal8.info\/index.php?rest_route=\/wp\/v2\/posts"}],"about":[{"href":"https:\/\/canal8.info\/index.php?rest_route=\/wp\/v2\/types\/post"}],"author":[{"embeddable":true,"href":"https:\/\/canal8.info\/index.php?rest_route=\/wp\/v2\/users\/1"}],"replies":[{"embeddable":true,"href":"https:\/\/canal8.info\/index.php?rest_route=%2Fwp%2Fv2%2Fcomments&post=5343"}],"version-history":[{"count":0,"href":"https:\/\/canal8.info\/index.php?rest_route=\/wp\/v2\/posts\/5343\/revisions"}],"wp:featuredmedia":[{"embeddable":true,"href":"https:\/\/canal8.info\/index.php?rest_route=\/wp\/v2\/media\/5342"}],"wp:attachment":[{"href":"https:\/\/canal8.info\/index.php?rest_route=%2Fwp%2Fv2%2Fmedia&parent=5343"}],"wp:term":[{"taxonomy":"category","embeddable":true,"href":"https:\/\/canal8.info\/index.php?rest_route=%2Fwp%2Fv2%2Fcategories&post=5343"},{"taxonomy":"post_tag","embeddable":true,"href":"https:\/\/canal8.info\/index.php?rest_route=%2Fwp%2Fv2%2Ftags&post=5343"}],"curies":[{"name":"wp","href":"https:\/\/api.w.org\/{rel}","templated":true}]}}