{"id":5335,"date":"2026-04-26T10:49:51","date_gmt":"2026-04-26T13:49:51","guid":{"rendered":"https:\/\/canal8.info\/?p=5335"},"modified":"2026-04-26T10:49:51","modified_gmt":"2026-04-26T13:49:51","slug":"eligieron-la-mejor-foto-del-ano-2026-gano-la-imagen-de-una-familia-separada-por-ice","status":"publish","type":"post","link":"https:\/\/canal8.info\/?p=5335","title":{"rendered":"Eligieron la mejor foto del a\u00f1o 2026: gan\u00f3 la imagen de una familia separada por ICE"},"content":{"rendered":"\n<p>La foto muestra a un padre ecuatoriano siendo apartado de sus hijas al interior de un tribunal de inmigraci\u00f3n en Nueva York. \u00abSomos testigos del sufrimiento de innumerables familias\u00bb, declar\u00f3 su autora Carol Guzy.<\/p>\n\n\n\n<p>La imagen muestra los rostros llorosos y aterrorizados de dos ni\u00f1as que son separadas de su padre al interior de un edificio federal.<\/p>\n\n\n\n<p>La prestigiosa organizaci\u00f3n internacional World Press Photo (WPP) premi\u00f3 este jueves como la mejor imagen del a\u00f1o a una capturada en el momento en que una familia de migrantes ecuatorianos era separada por agentes del  de  (ICE, por sus siglas en ingl\u00e9s). La autora fue la fot\u00f3grafa estadounidense Carol Guzy, de la agencia de noticias ZUMA y del instituto iWitness para Miami Herald.<\/p>\n\n\n\n<p>El contenido al que quiere acceder es exclusivo para suscriptores.<\/p>\n\n\n\n<p>\u201cEste premio subraya la importancia crucial de esta historia a escala mundial. Somos testigos del sufrimiento de innumerables familias, pero tambi\u00e9n de su dignidad y su resiliencia ante la adversidad\u201d, declar\u00f3 la fotoperiodista galardonada de \u201cSeparados por hielo\u201d (un juego de palabras con ICE, que en ingl\u00e9s es hielo) en un comunicado.<\/p>\n\n\n\n<p>En la foto qued\u00f3 registrado cuando Luis, un padre ecuatoriano migrante que reside en el barrio de Bronx junto a su familia, era detenido y separado de su esposa y sus hijas tras una visita ante un tribunal de inmigraci\u00f3n en Nueva York el 26 de agosto de 2025.<\/p>\n\n\n\n<p>Tomada en el interior de un edificio federal, al que se le concedi\u00f3 acceso solo a los fot\u00f3grafos, la imagen muestra los rostros llorosos y aterrorizados de dos de sus hijas, mientras se aferran desesperadamente a la ropa de su padre.<\/p>\n\n\n\n<p>El a\u00f1o pasado, una dr\u00e1stica escalada en la pol\u00edtica migratoria estadounidense ordenada por Donald Trump transform\u00f3 el Edificio Federal Jacob K. Javits en el Bajo Manhattan, que era un tribunal, en un punto central para la deportaci\u00f3n masiva. Esta estrategia, impulsada por una financiaci\u00f3n federal sin precedentes de u$s75 mil millones para el ICE, result\u00f3 en un aumento del 2450% en la detenci\u00f3n de personas sin antecedentes penales.<\/p>\n\n\n\n<p>\u201cEsta imagen, y la historia de la que forma parte, sirve como un importante testimonio de la realidad que viven muchas personas\u00bb, indic\u00f3 la organizaci\u00f3n.<\/p>\n\n\n\n<p>\u201cEsta imagen, y la historia de la que forma parte, sirve como un importante testimonio de la realidad que viven muchas personas en los EEUU, donde el miedo a la separaci\u00f3n y la deportaci\u00f3n impera en los lugares donde las familias inmigrantes alguna vez buscaron protecci\u00f3n y justicia\u201d, indic\u00f3 la organizaci\u00f3n en su p\u00e1gina web.<\/p>\n\n\n\n<p>Guzy es conocida por su cobertura de crisis humanitarias y conflictos. Naci\u00f3 en Pensilvania, EEUU, y su trabajo se centra en proyectos documentales de larga duraci\u00f3n y reportajes de noticias, tanto en su pa\u00eds como a nivel internacional. Adem\u00e1s de ser fotoperiodista, estudi\u00f3 enfermer\u00eda en el Northampton County College.<\/p>\n\n\n\n<p>Por su lado, el WPP premia desde hace 70 a\u00f1os \u201clo mejor del fotoperiodismo y la fotograf\u00eda documental a escala mundial\u201d. Al respecto, Guzy sostuvo que \u201cel valor con el que [estas personas] aceptaron abrir sus vidas a nuestras c\u00e1maras nos permiti\u00f3 contar sus historias. Este premio les pertenece a ellos y no a m\u00ed\u201d.<\/p>\n\n\n\n<p>El jurado, que examin\u00f3 minuciosamente 57.376 fotograf\u00edas tomadas por 3747 fotoperiodistas de 141 pa\u00edses, tambi\u00e9n dio a conocer las dos fotos finalistas. La primera, \u201cCrisis de la ayuda en Gaza\u201d, de Saber Nuraldin para EPA Images, en la que muestra a una multitud de palestinos subi\u00e9ndose a un cami\u00f3n de ayuda que entra en la Franja de Gaza para conseguir harina, durante lo que el Ej\u00e9rcito israel\u00ed calific\u00f3 de \u201csuspensi\u00f3n t\u00e1ctica\u201d de las operaciones de transporte de ayuda humanitaria.<\/p>\n\n\n\n<p>La segunda, \u201cLos juicios de las mujeres achi\u201d, de Victor J. Blue, para The New York Times Magazine, es un retrato en blanco y negro de unas mujeres achi a la salida de un tribunal guatemalteco, tras haber ganado una batalla legal contra quienes las agredieron y, en muchos casos, violaron hace 42 a\u00f1os durante la guerra civil.<\/p>\n\n\n\n<p>El director interino del , por sus siglas en ingl\u00e9s)  Todd Lyons renunci\u00f3 y dejar\u00e1 el cargo el 31 de mayo de 2026. Fue el principal responsable de la pol\u00edtica de detenciones masivas de la administraci\u00f3n de , desde su asunci\u00f3n en marzo de 2025. Su gesti\u00f3n estuvo marcada por un aumento sin precedentes en las redadas, m\u00faltiples disputas judiciales y la muerte de dos ciudadanos estadounidenses a manos de agentes federales en Minneapolis.<\/p>\n\n\n\n<p>La confirmaci\u00f3n la dio el secretario de Seguridad Nacional, Markwayne Mullin, quien elogi\u00f3 su gesti\u00f3n y anunci\u00f3 su pase al sector privado. En un comunicado, Mullin describi\u00f3 a Lyons como un gran l\u00edder de ICE y agradeci\u00f3 su trabajo. Por su parte, la portavoz de la Casa Blanca, Abigail Jackson, lo calific\u00f3 de \u201cpatriota americano que hizo m\u00e1s seguro al pa\u00eds\u201d.<\/p>\n\n\n\n<hr class=\"wp-block-separator has-alpha-channel-opacity\"\/>\n\n\n\n<p><i>Fuente original: <a href='https:\/\/www.ambito.com\/mundo\/eligieron-la-mejor-foto-del-ano-2026-gano-la-imagen-una-familia-separada-ice-n6269979' target='_blank' rel='noopener'>Ambito Financiero<\/a><\/i><\/p>\n","protected":false},"excerpt":{"rendered":"<p>La foto muestra a un padre ecuatoriano siendo apartado de sus hijas al interior de un tribunal de inmigraci\u00f3n en Nueva York. \u00abSomos testigos del sufrimiento de innumerables familias\u00bb, declar\u00f3 su autora Carol Guzy. La imagen muestra los rostros llorosos y aterrorizados de dos ni\u00f1as que son separadas de su padre al interior de un [&hellip;]<\/p>\n","protected":false},"author":1,"featured_media":5334,"comment_status":"open","ping_status":"open","sticky":false,"template":"","format":"standard","meta":{"_jetpack_memberships_contains_paid_content":false,"jnews-multi-image_gallery":[],"jnews_single_post":[],"jnews_primary_category":[],"jnews_override_bookmark_settings":[],"jnews_social_meta":[],"jnews_paywall_metabox":[],"jnews_override_counter":[],"footnotes":"","jetpack_publicize_message":"","jetpack_publicize_feature_enabled":true,"jetpack_social_post_already_shared":true,"jetpack_social_options":{"image_generator_settings":{"template":"fullscreen","default_image_id":0,"font":"","enabled":false},"version":2},"_wpas_customize_per_network":false},"categories":[39],"tags":[],"class_list":["post-5335","post","type-post","status-publish","format-standard","has-post-thumbnail","hentry","category-noticias"],"jetpack_publicize_connections":[],"jetpack_featured_media_url":"https:\/\/canal8.info\/wp-content\/uploads\/2026\/04\/imagen_1777211385.jpg","jetpack_sharing_enabled":true,"jetpack_likes_enabled":true,"amp_enabled":true,"_links":{"self":[{"href":"https:\/\/canal8.info\/index.php?rest_route=\/wp\/v2\/posts\/5335","targetHints":{"allow":["GET"]}}],"collection":[{"href":"https:\/\/canal8.info\/index.php?rest_route=\/wp\/v2\/posts"}],"about":[{"href":"https:\/\/canal8.info\/index.php?rest_route=\/wp\/v2\/types\/post"}],"author":[{"embeddable":true,"href":"https:\/\/canal8.info\/index.php?rest_route=\/wp\/v2\/users\/1"}],"replies":[{"embeddable":true,"href":"https:\/\/canal8.info\/index.php?rest_route=%2Fwp%2Fv2%2Fcomments&post=5335"}],"version-history":[{"count":0,"href":"https:\/\/canal8.info\/index.php?rest_route=\/wp\/v2\/posts\/5335\/revisions"}],"wp:featuredmedia":[{"embeddable":true,"href":"https:\/\/canal8.info\/index.php?rest_route=\/wp\/v2\/media\/5334"}],"wp:attachment":[{"href":"https:\/\/canal8.info\/index.php?rest_route=%2Fwp%2Fv2%2Fmedia&parent=5335"}],"wp:term":[{"taxonomy":"category","embeddable":true,"href":"https:\/\/canal8.info\/index.php?rest_route=%2Fwp%2Fv2%2Fcategories&post=5335"},{"taxonomy":"post_tag","embeddable":true,"href":"https:\/\/canal8.info\/index.php?rest_route=%2Fwp%2Fv2%2Ftags&post=5335"}],"curies":[{"name":"wp","href":"https:\/\/api.w.org\/{rel}","templated":true}]}}