{"id":5303,"date":"2026-04-24T08:17:15","date_gmt":"2026-04-24T11:17:15","guid":{"rendered":"https:\/\/canal8.info\/?p=5303"},"modified":"2026-04-24T08:17:15","modified_gmt":"2026-04-24T11:17:15","slug":"se-reactiva-la-reforma-laboral-que-cambia-tras-el-fallo-judicial","status":"publish","type":"post","link":"https:\/\/canal8.info\/?p=5303","title":{"rendered":"Se reactiva la reforma laboral: qu\u00e9 cambia tras el fallo judicial"},"content":{"rendered":"\n<p>La reforma laboral impulsada por el Gobierno nacional volvi\u00f3 a cobrar fuerza. La Justicia resolvi\u00f3 habilitar nuevamente los 82 art\u00edculos que estaban suspendidos tras una medida cautelar presentada por la CGT.<\/p>\n\n\n\n<p>El fallo tiene impacto inmediato y reabre un debate caliente en todo el pa\u00eds.<\/p>\n\n\n\n<p>La Sala VIII de la C\u00e1mara Nacional de Apelaciones del Trabajo hizo lugar al planteo del Estado y modific\u00f3 una decisi\u00f3n previa.<\/p>\n\n\n\n<p>En primera instancia, el juez Ra\u00fal Ojeda hab\u00eda frenado parte de la reforma tras un reclamo de la CGT.<\/p>\n\n\n\n<p>La C\u00e1mara consider\u00f3 que, seg\u00fan la ley vigente, la apelaci\u00f3n del Estado deb\u00eda tener efecto suspensivo.<\/p>\n\n\n\n<p>El presidente Javier Milei celebr\u00f3 la decisi\u00f3n y afirm\u00f3:\r\n\u00abNo podr\u00e1n detener el crecimiento que se viene para el Pa\u00eds\u00bb.<\/p>\n\n\n\n<hr class=\"wp-block-separator has-alpha-channel-opacity\"\/>\n\n\n\n<p><i>Fuente original: <a href='https:\/\/www.quepasasalta.com.ar\/politica\/reforma-laboral-vuelve-82-articulos\/' target='_blank' rel='noopener'>Que Pasa Salta<\/a><\/i><\/p>\n","protected":false},"excerpt":{"rendered":"<p>La reforma laboral impulsada por el Gobierno nacional volvi\u00f3 a cobrar fuerza. La Justicia resolvi\u00f3 habilitar nuevamente los 82 art\u00edculos que estaban suspendidos tras una medida cautelar presentada por la CGT. El fallo tiene impacto inmediato y reabre un debate caliente en todo el pa\u00eds. La Sala VIII de la C\u00e1mara Nacional de Apelaciones del [&hellip;]<\/p>\n","protected":false},"author":1,"featured_media":5302,"comment_status":"open","ping_status":"open","sticky":false,"template":"","format":"standard","meta":{"_jetpack_memberships_contains_paid_content":false,"jnews-multi-image_gallery":[],"jnews_single_post":[],"jnews_primary_category":[],"jnews_override_bookmark_settings":[],"jnews_social_meta":[],"jnews_paywall_metabox":[],"jnews_override_counter":[],"footnotes":"","jetpack_publicize_message":"","jetpack_publicize_feature_enabled":true,"jetpack_social_post_already_shared":true,"jetpack_social_options":{"image_generator_settings":{"template":"fullscreen","default_image_id":0,"font":"","enabled":false},"version":2},"_wpas_customize_per_network":false},"categories":[39],"tags":[],"class_list":["post-5303","post","type-post","status-publish","format-standard","has-post-thumbnail","hentry","category-noticias"],"jetpack_publicize_connections":[],"jetpack_featured_media_url":"https:\/\/canal8.info\/wp-content\/uploads\/2026\/04\/imagen_1777029429.png","jetpack_sharing_enabled":true,"jetpack_likes_enabled":true,"amp_enabled":true,"_links":{"self":[{"href":"https:\/\/canal8.info\/index.php?rest_route=\/wp\/v2\/posts\/5303","targetHints":{"allow":["GET"]}}],"collection":[{"href":"https:\/\/canal8.info\/index.php?rest_route=\/wp\/v2\/posts"}],"about":[{"href":"https:\/\/canal8.info\/index.php?rest_route=\/wp\/v2\/types\/post"}],"author":[{"embeddable":true,"href":"https:\/\/canal8.info\/index.php?rest_route=\/wp\/v2\/users\/1"}],"replies":[{"embeddable":true,"href":"https:\/\/canal8.info\/index.php?rest_route=%2Fwp%2Fv2%2Fcomments&post=5303"}],"version-history":[{"count":0,"href":"https:\/\/canal8.info\/index.php?rest_route=\/wp\/v2\/posts\/5303\/revisions"}],"wp:featuredmedia":[{"embeddable":true,"href":"https:\/\/canal8.info\/index.php?rest_route=\/wp\/v2\/media\/5302"}],"wp:attachment":[{"href":"https:\/\/canal8.info\/index.php?rest_route=%2Fwp%2Fv2%2Fmedia&parent=5303"}],"wp:term":[{"taxonomy":"category","embeddable":true,"href":"https:\/\/canal8.info\/index.php?rest_route=%2Fwp%2Fv2%2Fcategories&post=5303"},{"taxonomy":"post_tag","embeddable":true,"href":"https:\/\/canal8.info\/index.php?rest_route=%2Fwp%2Fv2%2Ftags&post=5303"}],"curies":[{"name":"wp","href":"https:\/\/api.w.org\/{rel}","templated":true}]}}