{"id":4706,"date":"2026-04-09T19:05:22","date_gmt":"2026-04-09T22:05:22","guid":{"rendered":"https:\/\/canal8.info\/?p=4706"},"modified":"2026-04-09T19:05:22","modified_gmt":"2026-04-09T22:05:22","slug":"inseguridad-a-plena-luz-del-dia-persecucion-y-dos-demorados-en-el-macrocentro","status":"publish","type":"post","link":"https:\/\/canal8.info\/?p=4706","title":{"rendered":"Inseguridad a plena luz del d\u00eda: persecuci\u00f3n y dos demorados en el macrocentro"},"content":{"rendered":"<p>En medio del ritmo habitual del centro salte\u00f1o, donde el movimiento no se detiene, una escena alter\u00f3 la rutina: una denuncia, una fuga y un operativo que termin\u00f3 con dos hombres demorados en plena v\u00eda p\u00fablica.<\/p>\n<p>Todo comenz\u00f3 cuando dos j\u00f3venes advirtieron la sustracci\u00f3n de sus pertenencias y dieron aviso inmediato a la Polic\u00eda. La situaci\u00f3n activ\u00f3 la intervenci\u00f3n de efectivos de la Comisar\u00eda 8, que desplegaron un recorrido por la zona para ubicar a los sospechosos.<\/p>\n<p>La b\u00fasqueda no tard\u00f3 en dar resultados. Los uniformados lograron identificar a los presuntos causantes, quienes al notar la presencia policial intentaron escapar, generando una breve persecuci\u00f3n en el macrocentro.<\/p>\n<p>Tras ser alcanzados, se procedi\u00f3 a su identificaci\u00f3n. En ese momento, uno de los hombres ten\u00eda en su poder un tel\u00e9fono celular, cuya procedencia no pudo justificar. El dispositivo coincid\u00eda con el denunciado como sustra\u00eddo por las damnificadas.<\/p>\n<p>Finalmente, se concret\u00f3 la demora de dos hombres, de 35 y 38 a\u00f1os, mientras que el celular fue secuestrado y puesto a disposici\u00f3n de la Justicia como elemento de prueba.<\/p>\n<p>La causa qued\u00f3 en manos de la Fiscal\u00eda Penal 4, que avanzar\u00e1 con las actuaciones para determinar responsabilidades en el marco del hecho.<\/p>\n<\/p>\n<\/p>\n<\/p>\n<\/p>\n<\/p>\n<p>Director: Sergio Romero  Propietario:  Horizontes On Line SA. El Tribuno Salta  Domicilio: av Ex Combatientes de Malvinas 3890 &#8211; CP (A4412BYA) Salta<\/p>\n<hr>\n<p><i>Fuente original: <a href='https:\/\/www.eltribuno.com\/policiales\/2026-4-9-6-54-0-inseguridad-a-plena-luz-del-dia-persecucion-y-dos-demorados-en-el-macrocentro' target='_blank' rel='noopener'>El Tribuno<\/a><\/i><\/p>\n","protected":false},"excerpt":{"rendered":"<p>En medio del ritmo habitual del centro salte\u00f1o, donde el movimiento no se detiene, una escena alter\u00f3 la rutina: una denuncia, una fuga y un operativo que termin\u00f3 con dos hombres demorados en plena v\u00eda p\u00fablica. Todo comenz\u00f3 cuando dos j\u00f3venes advirtieron la sustracci\u00f3n de sus pertenencias y dieron aviso inmediato a la Polic\u00eda. La [&hellip;]<\/p>\n","protected":false},"author":1,"featured_media":4705,"comment_status":"open","ping_status":"open","sticky":false,"template":"","format":"standard","meta":{"_jetpack_memberships_contains_paid_content":false,"jnews-multi-image_gallery":[],"jnews_single_post":[],"jnews_primary_category":[],"jnews_override_bookmark_settings":[],"jnews_social_meta":[],"jnews_paywall_metabox":[],"jnews_override_counter":[],"footnotes":"","jetpack_publicize_message":"","jetpack_publicize_feature_enabled":true,"jetpack_social_post_already_shared":true,"jetpack_social_options":{"image_generator_settings":{"template":"fullscreen","default_image_id":0,"font":"","enabled":false},"version":2},"_wpas_customize_per_network":false},"categories":[39],"tags":[],"class_list":["post-4706","post","type-post","status-publish","format-standard","has-post-thumbnail","hentry","category-noticias"],"jetpack_publicize_connections":[],"jetpack_featured_media_url":"https:\/\/canal8.info\/wp-content\/uploads\/2026\/04\/imagen_1775772318.jpg","jetpack_sharing_enabled":true,"jetpack_likes_enabled":true,"amp_enabled":true,"_links":{"self":[{"href":"https:\/\/canal8.info\/index.php?rest_route=\/wp\/v2\/posts\/4706","targetHints":{"allow":["GET"]}}],"collection":[{"href":"https:\/\/canal8.info\/index.php?rest_route=\/wp\/v2\/posts"}],"about":[{"href":"https:\/\/canal8.info\/index.php?rest_route=\/wp\/v2\/types\/post"}],"author":[{"embeddable":true,"href":"https:\/\/canal8.info\/index.php?rest_route=\/wp\/v2\/users\/1"}],"replies":[{"embeddable":true,"href":"https:\/\/canal8.info\/index.php?rest_route=%2Fwp%2Fv2%2Fcomments&post=4706"}],"version-history":[{"count":0,"href":"https:\/\/canal8.info\/index.php?rest_route=\/wp\/v2\/posts\/4706\/revisions"}],"wp:featuredmedia":[{"embeddable":true,"href":"https:\/\/canal8.info\/index.php?rest_route=\/wp\/v2\/media\/4705"}],"wp:attachment":[{"href":"https:\/\/canal8.info\/index.php?rest_route=%2Fwp%2Fv2%2Fmedia&parent=4706"}],"wp:term":[{"taxonomy":"category","embeddable":true,"href":"https:\/\/canal8.info\/index.php?rest_route=%2Fwp%2Fv2%2Fcategories&post=4706"},{"taxonomy":"post_tag","embeddable":true,"href":"https:\/\/canal8.info\/index.php?rest_route=%2Fwp%2Fv2%2Ftags&post=4706"}],"curies":[{"name":"wp","href":"https:\/\/api.w.org\/{rel}","templated":true}]}}