{"id":4665,"date":"2026-04-09T14:50:44","date_gmt":"2026-04-09T17:50:44","guid":{"rendered":"https:\/\/canal8.info\/?p=4665"},"modified":"2026-04-09T14:50:44","modified_gmt":"2026-04-09T17:50:44","slug":"revelaron-el-resultado-de-las-pericias-tras-la-muerte-de-un-nene-de-4-anos","status":"publish","type":"post","link":"https:\/\/canal8.info\/?p=4665","title":{"rendered":"Revelaron el resultado de las pericias tras la muerte de un nene de 4 a\u00f1os"},"content":{"rendered":"<p>La muerte de un nene de 4 a\u00f1os en Comodoro Rivadavia gener\u00f3 una fuerte conmoci\u00f3n y abri\u00f3 una investigaci\u00f3n con varios interrogantes.<\/p>\n<p>El menor fue trasladado por su mam\u00e1 al Hospital Regional luego de descompensarse en su casa. A pesar de los intentos m\u00e9dicos, sufri\u00f3 un paro cardiorrespiratorio y falleci\u00f3 poco despu\u00e9s.<\/p>\n<p>Con el avance de la causa, comenzaron a conocerse los primeros datos clave. Seg\u00fan las pericias forenses iniciales, el cuerpo presentaba lesiones internas en la cabeza, un dato que encendi\u00f3 las alarmas entre los investigadores.<\/p>\n<p>Aunque todav\u00eda falta el resultado final de la autopsia, estas primeras observaciones podr\u00edan ser determinantes para entender qu\u00e9 pas\u00f3 realmente en las horas previas a la muerte del menor.<\/p>\n<p>Durante el examen forense se tomaron m\u00faltiples muestras que ser\u00e1n analizadas en profundidad. Fuentes del caso indicaron que los resultados podr\u00edan demorar al menos una semana por la complejidad de los estudios.<\/p>\n<p>En paralelo, la Justicia orden\u00f3 un allanamiento en la vivienda donde viv\u00eda el nene junto a su mam\u00e1. All\u00ed se secuestraron celulares y otros elementos que podr\u00edan aportar informaci\u00f3n clave.<\/p>\n<p>Mientras avanza la investigaci\u00f3n, la familia paterna del menor sali\u00f3 a denunciar posibles irregularidades y apunt\u00f3 directamente contra la madre.<\/p>\n<p>\u00abQueremos que nos entreguen el cuerpo y que nos digan por qu\u00e9 hizo un paro cardiorrespiratorio. En todos los an\u00e1lisis que le hicieron no se explica qu\u00e9 le provoc\u00f3 eso. No ten\u00eda problemas en el coraz\u00f3n, nada\u00bb, expres\u00f3 la pareja del padre del nene.<\/p>\n<p>Por el momento, no hay personas detenidas, pero los investigadores trabajan para reconstruir las \u00faltimas horas del menor y determinar si hubo alg\u00fan tipo de violencia.<\/p>\n<hr>\n<p><i>Fuente original: <a href='https:\/\/www.quepasasalta.com.ar\/policiales\/muerte-nene-4-anos-pericias-sospechas-comodoro\/' target='_blank' rel='noopener'>Que Pasa Salta<\/a><\/i><\/p>\n","protected":false},"excerpt":{"rendered":"<p>La muerte de un nene de 4 a\u00f1os en Comodoro Rivadavia gener\u00f3 una fuerte conmoci\u00f3n y abri\u00f3 una investigaci\u00f3n con varios interrogantes. El menor fue trasladado por su mam\u00e1 al Hospital Regional luego de descompensarse en su casa. A pesar de los intentos m\u00e9dicos, sufri\u00f3 un paro cardiorrespiratorio y falleci\u00f3 poco despu\u00e9s. Con el avance [&hellip;]<\/p>\n","protected":false},"author":1,"featured_media":4664,"comment_status":"open","ping_status":"open","sticky":false,"template":"","format":"standard","meta":{"_jetpack_memberships_contains_paid_content":false,"jnews-multi-image_gallery":[],"jnews_single_post":[],"jnews_primary_category":[],"jnews_override_bookmark_settings":[],"jnews_social_meta":[],"jnews_paywall_metabox":[],"jnews_override_counter":[],"footnotes":"","jetpack_publicize_message":"","jetpack_publicize_feature_enabled":true,"jetpack_social_post_already_shared":true,"jetpack_social_options":{"image_generator_settings":{"template":"fullscreen","default_image_id":0,"font":"","enabled":false},"version":2},"_wpas_customize_per_network":false},"categories":[39],"tags":[],"class_list":["post-4665","post","type-post","status-publish","format-standard","has-post-thumbnail","hentry","category-noticias"],"jetpack_publicize_connections":[],"jetpack_featured_media_url":"https:\/\/canal8.info\/wp-content\/uploads\/2026\/04\/imagen_1775757041.jpg","jetpack_sharing_enabled":true,"jetpack_likes_enabled":true,"amp_enabled":true,"_links":{"self":[{"href":"https:\/\/canal8.info\/index.php?rest_route=\/wp\/v2\/posts\/4665","targetHints":{"allow":["GET"]}}],"collection":[{"href":"https:\/\/canal8.info\/index.php?rest_route=\/wp\/v2\/posts"}],"about":[{"href":"https:\/\/canal8.info\/index.php?rest_route=\/wp\/v2\/types\/post"}],"author":[{"embeddable":true,"href":"https:\/\/canal8.info\/index.php?rest_route=\/wp\/v2\/users\/1"}],"replies":[{"embeddable":true,"href":"https:\/\/canal8.info\/index.php?rest_route=%2Fwp%2Fv2%2Fcomments&post=4665"}],"version-history":[{"count":0,"href":"https:\/\/canal8.info\/index.php?rest_route=\/wp\/v2\/posts\/4665\/revisions"}],"wp:featuredmedia":[{"embeddable":true,"href":"https:\/\/canal8.info\/index.php?rest_route=\/wp\/v2\/media\/4664"}],"wp:attachment":[{"href":"https:\/\/canal8.info\/index.php?rest_route=%2Fwp%2Fv2%2Fmedia&parent=4665"}],"wp:term":[{"taxonomy":"category","embeddable":true,"href":"https:\/\/canal8.info\/index.php?rest_route=%2Fwp%2Fv2%2Fcategories&post=4665"},{"taxonomy":"post_tag","embeddable":true,"href":"https:\/\/canal8.info\/index.php?rest_route=%2Fwp%2Fv2%2Ftags&post=4665"}],"curies":[{"name":"wp","href":"https:\/\/api.w.org\/{rel}","templated":true}]}}