{"id":4380,"date":"2025-03-26T11:06:56","date_gmt":"2025-03-26T14:06:56","guid":{"rendered":"https:\/\/canal8.info\/?p=4380"},"modified":"2025-03-26T11:06:56","modified_gmt":"2025-03-26T14:06:56","slug":"sergio-leavy-solicito-10-mil-millones-para-emergencia-en-santa-victoria-y-critico-la-falta-de-apoyo-nacional","status":"publish","type":"post","link":"https:\/\/canal8.info\/?p=4380","title":{"rendered":"Sergio Leavy solicit\u00f3 $10 mil millones para emergencia en Santa Victoria y critic\u00f3 la falta de apoyo nacional"},"content":{"rendered":"<p>El senador nacional\u00a0<a href=\"https:\/\/www.vocescriticas.com\/noticias\/2025\/03\/25\/175212-tras-las-criticas-de-gustavo-saenz-sergio-leavy-salio-en-defensa-de-cristina-kirchner\"><strong>Sergio Leavy<\/strong>\u00a0<\/a>present\u00f3 un proyecto para declarar la emergencia en las zonas de Salta afectadas por las crecientes de los r\u00edos Pilcomayo y Bermejo, solicitando un fondo de $10.000 millones al ministro de Econom\u00eda, Luis Caputo, para asistir a las comunidades damnificadas.<\/p>\n<p>La iniciativa, que ser\u00e1 tratada el pr\u00f3ximo 3 de abril, fue presentada \u00absin muchas esperanzas\u00bb de ser aprobada, seg\u00fan admiti\u00f3 el legislador.<\/p>\n<p>En la propuesta, se equipara la situaci\u00f3n de Salta con la emergencia declarada en Bah\u00eda Blanca, que recibi\u00f3 un fondo similar. \u00abEs grave cuando el Estado no est\u00e1 presente, y la Naci\u00f3n ni siquiera se dign\u00f3 en visitar las zonas afectadas\u00bb, critic\u00f3 el\u00a0<a href=\"https:\/\/www.vocescriticas.com\/noticias\/2025\/01\/30\/172552-el-periodista-guillermo-lobo-cruzo-a-sergio-oso-leavy-sobre-el-plan-gemes-durante-el-kirchnerismo-aumento-la-asquerosidad-del-narcotrafico\"><strong>senador sa\u00f1teo<\/strong><\/a>, marcando su descontento con la falta de respuesta del gobierno nacional.<\/p>\n<p>Como medida inmediata, desde su espacio pol\u00edtico instalaron una c\u00e1mara frigor\u00edfica para ayudar a las comunidades originarias a conservar pescado durante los seis meses de crecida de los r\u00edos. \u00abEsto permitir\u00e1 que las familias tengan suministro alimenticio cuando los recursos escasean\u00bb, explic\u00f3\u00a0<a href=\"https:\/\/www.vocescriticas.com\/noticias\/2025\/01\/24\/172262-sergio-leavy-y-nora-gimenez-las-apuestas-del-pv-para-las-elecciones-2025\"><strong>Sergio Leavy<\/strong><\/a>.<\/p>\n<p>El proyecto cuenta con el respaldo un\u00e1nime de los 34 miembros del bloque Uni\u00f3n por la Patria, pero el senador mostr\u00f3 escepticismo sobre sus chances de aprobaci\u00f3n en el contexto pol\u00edtico actual.<\/p>\n<p><img decoding=\"async\" src=\"https:\/\/vocescriticas-s3.cdn.net.ar\/s3i233\/2025\/03\/vocescriticas\/images\/01\/81\/56\/1815608_7896276ffb75e82fabedc6c53467c73fe66d07dd1d5fe186b1a8a45772a4eea9\/lg.webp\" \/><\/p>\n","protected":false},"excerpt":{"rendered":"<p>El senador nacional\u00a0Sergio Leavy\u00a0present\u00f3 un proyecto para declarar la emergencia en las zonas de Salta afectadas por las crecientes de los r\u00edos Pilcomayo y Bermejo, solicitando un fondo de $10.000 millones al ministro de Econom\u00eda, Luis Caputo, para asistir a las comunidades damnificadas. La iniciativa, que ser\u00e1 tratada el pr\u00f3ximo 3 de abril, fue presentada [&hellip;]<\/p>\n","protected":false},"author":13,"featured_media":4381,"comment_status":"open","ping_status":"open","sticky":false,"template":"","format":"standard","meta":{"_jetpack_memberships_contains_paid_content":false,"jnews-multi-image_gallery":[],"jnews_single_post":{"format":"standard","override":[{"template":"1","parallax":"1","fullscreen":"1","layout":"no-sidebar","sidebar":"default-sidebar","second_sidebar":"default-sidebar","sticky_sidebar":"1","share_position":"topbottom","share_float_style":"share-monocrhome","show_share_counter":"1","show_view_counter":"1","show_featured":"1","show_post_meta":"1","show_post_author":"1","show_post_author_image":"1","show_post_date":"1","post_date_format":"default","post_date_format_custom":"Y\/m\/d","show_post_category":"1","post_reading_time_wpm":"300","post_calculate_word_method":"str_word_count","show_zoom_button":"1","zoom_button_out_step":"2","zoom_button_in_step":"3","show_prev_next_post":"1","number_popup_post":"2","show_author_box":"1","show_post_related":"1"}],"image_override":[{"single_post_thumbnail_size":"crop-715","single_post_gallery_size":"crop-500"}],"trending_post_position":"meta","trending_post_label":"Trending","sponsored_post_label":"Sponsored by","disable_ad":"0","source_name":"Voces Criticas","source_url":"https:\/\/www.vocescriticas.com\/noticias\/2025\/03\/25\/175216-sergio-leavy-solicito-10-mil-millones-para-emergencia-en-salta-y-critico-la-falta-de-apoyo-nacional","subtitle":"La iniciativa de Leavy pone en evidencia la tensi\u00f3n entre las demandas provinciales y la respuesta del gobierno nacional"},"jnews_primary_category":[],"jnews_override_bookmark_settings":{"override_bookmark_button":"0","override_show_bookmark_button":"0"},"jnews_social_meta":[],"jnews_paywall_metabox":{"enable_premium_post":"0","paragraph_limit":"2","enable_preview_post":"0","enable_preview_video":"0"},"jnews_override_counter":{"view_counter_number":"0","share_counter_number":"0","like_counter_number":"0","dislike_counter_number":"0"},"footnotes":"","jetpack_publicize_message":"","jetpack_publicize_feature_enabled":true,"jetpack_social_post_already_shared":false,"jetpack_social_options":{"image_generator_settings":{"template":"fullscreen","default_image_id":0,"font":"","enabled":false},"version":2},"_wpas_customize_per_network":false},"categories":[44,39,83],"tags":[],"class_list":["post-4380","post","type-post","status-publish","format-standard","has-post-thumbnail","hentry","category-nacionales","category-noticias","category-provinciales"],"jetpack_publicize_connections":[],"jetpack_featured_media_url":"https:\/\/canal8.info\/wp-content\/uploads\/2025\/03\/md-1.webp","jetpack_sharing_enabled":true,"jetpack_likes_enabled":true,"amp_enabled":true,"_links":{"self":[{"href":"https:\/\/canal8.info\/index.php?rest_route=\/wp\/v2\/posts\/4380","targetHints":{"allow":["GET"]}}],"collection":[{"href":"https:\/\/canal8.info\/index.php?rest_route=\/wp\/v2\/posts"}],"about":[{"href":"https:\/\/canal8.info\/index.php?rest_route=\/wp\/v2\/types\/post"}],"author":[{"embeddable":true,"href":"https:\/\/canal8.info\/index.php?rest_route=\/wp\/v2\/users\/13"}],"replies":[{"embeddable":true,"href":"https:\/\/canal8.info\/index.php?rest_route=%2Fwp%2Fv2%2Fcomments&post=4380"}],"version-history":[{"count":1,"href":"https:\/\/canal8.info\/index.php?rest_route=\/wp\/v2\/posts\/4380\/revisions"}],"predecessor-version":[{"id":4382,"href":"https:\/\/canal8.info\/index.php?rest_route=\/wp\/v2\/posts\/4380\/revisions\/4382"}],"wp:featuredmedia":[{"embeddable":true,"href":"https:\/\/canal8.info\/index.php?rest_route=\/wp\/v2\/media\/4381"}],"wp:attachment":[{"href":"https:\/\/canal8.info\/index.php?rest_route=%2Fwp%2Fv2%2Fmedia&parent=4380"}],"wp:term":[{"taxonomy":"category","embeddable":true,"href":"https:\/\/canal8.info\/index.php?rest_route=%2Fwp%2Fv2%2Fcategories&post=4380"},{"taxonomy":"post_tag","embeddable":true,"href":"https:\/\/canal8.info\/index.php?rest_route=%2Fwp%2Fv2%2Ftags&post=4380"}],"curies":[{"name":"wp","href":"https:\/\/api.w.org\/{rel}","templated":true}]}}