{"id":4196,"date":"2023-10-01T16:00:12","date_gmt":"2023-10-01T19:00:12","guid":{"rendered":"https:\/\/canal8.info\/?p=4196"},"modified":"2023-10-01T16:00:12","modified_gmt":"2023-10-01T19:00:12","slug":"franco-hernandez-berni-en-tartagal-buscamos-crear-un-nucleo-para-que-todos-los-docentes-puedan-capacitarse","status":"publish","type":"post","link":"https:\/\/canal8.info\/?p=4196","title":{"rendered":"Franco Hern\u00e1ndez Berni en Tartagal: \u201cBuscamos crear un n\u00facleo para que todos los docentes puedan capacitarse\u201d"},"content":{"rendered":"<p>El intendente detac\u00f3 el rol y la importancia que tienen los educadores en la vida de los estudiantes.<\/p>\n<p><strong>Salta (Redacci\u00f3n Voces Cr\u00edticas)<\/strong>\u00a0Docentes de la regi\u00f3n norte\u00f1a de Salta y sus alrededores tuvieron la oportunidad de participar en una \u00abCapacitaci\u00f3n Presencial Para Docentes\u00bb con reconocimiento de puntaje. Esta iniciativa fue gestionada por el diputado provincial e intendente electo de Tartagal,\u00a0<strong>Franco Hern\u00e1ndez Berni<\/strong>, quien brind\u00f3 su opini\u00f3n sobre la misma.<\/p>\n<p>Franco Hern\u00e1ndez Berni, destac\u00f3 la importancia de esta capacitaci\u00f3n y anunci\u00f3 su intenci\u00f3n de crear un n\u00facleo de formaci\u00f3n en Tartagal. Este espacio permitir\u00e1 a los docentes locales acceder a una variedad de cursos y postgrados que otorgar\u00e1n puntajes v\u00e1lidos para su desarrollo profesional.<\/p>\n<p><img decoding=\"async\" src=\"https:\/\/vocescriticas-s3.cdn.net.ar\/s3i233\/2023\/09\/vocescriticas\/images\/28\/96\/289678_ad98927d49358c7641c29f790cab2e9f9167d9ab4a2c643f0c8970c23b25ce28\/lg.webp\" \/><\/p>\n<p>Esta reuni\u00f3n fue avalada por el Ministerio de Gobierno y Derechos Humanos y Trabajo de la Provincia de Salta, se llev\u00f3 a cabo los d\u00edas 28 y 29 de septiembre en el Sal\u00f3n Espinillo de Tartagal. El tema central de la capacitaci\u00f3n fue \u00abAbuso Infantil\u00bb, con un enfoque especial en las buenas pr\u00e1cticas para la protecci\u00f3n de los derechos de los ni\u00f1os y ni\u00f1as en el entorno escolar. Esta formaci\u00f3n busca nutrir a los docentes para prevenir y abordar situaciones delicadas y garantizar un ambiente seguro y de confianza en las aulas<\/p>\n<p>En su discurso, el\u00a0<a href=\"https:\/\/www.vocescriticas.com\/noticias\/2023\/06\/02\/129771-franco-hernandez-berni-inicio-las-labores-para-asumir-desde-diciembre-la-intendencia-en-tartagal\/\"><strong>intendente de Tartagal<\/strong>\u00a0<\/a>electo reconoci\u00f3 la labor fundamental de los docentes como formadores y apoyo emocional para los estudiantes. Tambi\u00e9n se\u00f1al\u00f3 los desaf\u00edos que muchos educadores enfrentan al tener que viajar a otras ciudades en busca de capacitaciones de calidad.<\/p>\n<p>Asimismo, el\u00a0<strong><a href=\"https:\/\/www.vocescriticas.com\/noticias\/2023\/05\/14\/126583-golpe-duro-para-mario-mimessi-franco-hernandez-berni-se-impuso-y-sera-el-nuevo-intendente-de-tartagal\/\">diputado e intendente salte\u00f1o<\/a><\/strong>\u00a0electo agradeci\u00f3 a las autoridades provinciales por su apoyo en la realizaci\u00f3n de estas capacitaciones y anunci\u00f3 la intenci\u00f3n de realizar m\u00e1s cursos en el futuro debido a la alta demanda por parte de los educadores. Informa\u00a0<strong>Voces Cr\u00edticas<\/strong>.<\/p>\n","protected":false},"excerpt":{"rendered":"<p>El intendente detac\u00f3 el rol y la importancia que tienen los educadores en la vida de los estudiantes. Salta (Redacci\u00f3n Voces Cr\u00edticas)\u00a0Docentes de la regi\u00f3n norte\u00f1a de Salta y sus alrededores tuvieron la oportunidad de participar en una \u00abCapacitaci\u00f3n Presencial Para Docentes\u00bb con reconocimiento de puntaje. Esta iniciativa fue gestionada por el diputado provincial e [&hellip;]<\/p>\n","protected":false},"author":1,"featured_media":4197,"comment_status":"open","ping_status":"open","sticky":false,"template":"","format":"standard","meta":{"_jetpack_memberships_contains_paid_content":false,"jnews-multi-image_gallery":[],"jnews_single_post":{"source_name":"VOCES CRITICAS","source_url":"https:\/\/www.vocescriticas.com\/noticias\/2023\/09\/30\/144018-franco-hernandez-berni-en-tartagal-buscamos-crear-un-nucleo-para-que-todos-los-docentes-puedan-capacitarse\/","via_name":"VOCES CRITICAS","via_url":"","override_template":"0","override":[{"template":"1","single_blog_custom":"","parallax":"1","fullscreen":"1","layout":"no-sidebar","sidebar":"default-sidebar","second_sidebar":"default-sidebar","sticky_sidebar":"1","share_position":"topbottom","share_float_style":"share-monocrhome","show_share_counter":"1","show_view_counter":"1","show_featured":"1","show_post_meta":"1","show_post_author":"1","show_post_author_image":"1","show_post_date":"1","post_date_format":"default","post_date_format_custom":"Y\/m\/d","show_post_category":"1","show_post_reading_time":"0","post_reading_time_wpm":"300","show_zoom_button":"1","zoom_button_out_step":"2","zoom_button_in_step":"3","show_post_tag":"0","show_prev_next_post":"1","show_popup_post":"0","number_popup_post":"2","show_author_box":"1","show_post_related":"1","show_inline_post_related":"0"}],"override_image_size":"0","image_override":[{"single_post_thumbnail_size":"crop-715","single_post_gallery_size":"crop-500"}],"trending_post":"0","trending_post_position":"meta","trending_post_label":"Trending","sponsored_post":"0","sponsored_post_label":"Sponsored by","sponsored_post_name":"","sponsored_post_url":"","sponsored_post_logo_enable":"0","sponsored_post_logo":"","sponsored_post_desc":"","disable_ad":"0"},"jnews_primary_category":{"id":"","hide":""},"jnews_override_bookmark_settings":{"override_bookmark_button":"0","override_show_bookmark_button":"0"},"jnews_social_meta":{"fb_title":"","fb_description":"","fb_image":"","twitter_title":"","twitter_description":"","twitter_image":""},"jnews_paywall_metabox":{"enable_premium_post":"0","paragraph_limit":"2","enable_preview_post":"0","preview_textbox":"","nonce":"68328c4817"},"jnews_override_counter":{"override_view_counter":"0","view_counter_number":"0","override_share_counter":"0","share_counter_number":"0","override_like_counter":"0","like_counter_number":"0","override_dislike_counter":"0","dislike_counter_number":"0"},"footnotes":"","jetpack_publicize_message":"","jetpack_publicize_feature_enabled":true,"jetpack_social_post_already_shared":false,"jetpack_social_options":{"image_generator_settings":{"template":"fullscreen","default_image_id":0,"font":"","enabled":false},"version":2},"_wpas_customize_per_network":false},"categories":[1,39,17],"tags":[],"class_list":["post-4196","post","type-post","status-publish","format-standard","has-post-thumbnail","hentry","category-municipales","category-noticias","category-politica"],"jetpack_publicize_connections":[],"jetpack_featured_media_url":"https:\/\/canal8.info\/wp-content\/uploads\/2023\/10\/md.webp","jetpack_sharing_enabled":true,"jetpack_likes_enabled":true,"amp_enabled":true,"_links":{"self":[{"href":"https:\/\/canal8.info\/index.php?rest_route=\/wp\/v2\/posts\/4196","targetHints":{"allow":["GET"]}}],"collection":[{"href":"https:\/\/canal8.info\/index.php?rest_route=\/wp\/v2\/posts"}],"about":[{"href":"https:\/\/canal8.info\/index.php?rest_route=\/wp\/v2\/types\/post"}],"author":[{"embeddable":true,"href":"https:\/\/canal8.info\/index.php?rest_route=\/wp\/v2\/users\/1"}],"replies":[{"embeddable":true,"href":"https:\/\/canal8.info\/index.php?rest_route=%2Fwp%2Fv2%2Fcomments&post=4196"}],"version-history":[{"count":1,"href":"https:\/\/canal8.info\/index.php?rest_route=\/wp\/v2\/posts\/4196\/revisions"}],"predecessor-version":[{"id":4198,"href":"https:\/\/canal8.info\/index.php?rest_route=\/wp\/v2\/posts\/4196\/revisions\/4198"}],"wp:featuredmedia":[{"embeddable":true,"href":"https:\/\/canal8.info\/index.php?rest_route=\/wp\/v2\/media\/4197"}],"wp:attachment":[{"href":"https:\/\/canal8.info\/index.php?rest_route=%2Fwp%2Fv2%2Fmedia&parent=4196"}],"wp:term":[{"taxonomy":"category","embeddable":true,"href":"https:\/\/canal8.info\/index.php?rest_route=%2Fwp%2Fv2%2Fcategories&post=4196"},{"taxonomy":"post_tag","embeddable":true,"href":"https:\/\/canal8.info\/index.php?rest_route=%2Fwp%2Fv2%2Ftags&post=4196"}],"curies":[{"name":"wp","href":"https:\/\/api.w.org\/{rel}","templated":true}]}}