{"id":4130,"date":"2022-06-16T11:01:09","date_gmt":"2022-06-16T14:01:09","guid":{"rendered":"https:\/\/canal8.info\/?p=4130"},"modified":"2022-06-16T11:01:09","modified_gmt":"2022-06-16T14:01:09","slug":"hernandez-berni-gestiono-llevar-a-la-frontera-norte-el-programa-corredor-seguro","status":"publish","type":"post","link":"https:\/\/canal8.info\/?p=4130","title":{"rendered":"Hern\u00e1ndez Berni gestion\u00f3 llevar a la frontera norte el programa Corredor Seguro"},"content":{"rendered":"<header>\n<div class=\"detalle\">El diputado Franco Hern\u00e1ndez (FdT) se mostr\u00f3 expectante tras la reuni\u00f3n con el ministro de Seguridad de Naci\u00f3n, An\u00edbal Fern\u00e1ndez.<\/div>\n<\/header>\n<div class=\"widget-share-post share_post fullpost__share-post\">\n<p>El diputado por San Mart\u00edn, Franco Hern\u00e1ndez Berni (FdT), destac\u00f3 el encuentro que mantuvo con el ministro de Seguridad de Naci\u00f3n, An\u00edbal Fern\u00e1ndez, a quien le plante\u00f3 su preocupaci\u00f3n por la situaci\u00f3n de los municipios de frontera, particularmente Tartagal y Salvador Mazza, frente a un importante aumento de los hechos de inseguridad.<\/p>\n<p>El legislador expuso ante el funcionario las intenciones de bajar a territorio el programa nacional Corredor Seguro. Se\u00f1al\u00f3 que consiste en la implementaci\u00f3n de tecnolog\u00eda de identificaci\u00f3n de patentes y rostros en los ingresos y egresos de las ciudades, acompa\u00f1ado por la colocaci\u00f3n de c\u00e1maras de vigilancia.<\/p>\n<p>De acuerdo con lo que indic\u00f3, le plante\u00f3 la necesidad de reunirse con su par salte\u00f1o, Abel Cornejo, y recorrer Salvador Mazza. \u201cEs necesaria la presencia de este Ministerio para mejorar la situaci\u00f3n de zona de frontera\u201d, sostuvo el Diputado.<\/p>\n<p>Hizo alusi\u00f3n tambi\u00e9n a los municipios desde los que solo se puede salir por un camino en territorio boliviano, entendiendo que \u201cla ausencia de personal de seguridad facilita situaciones irregulares\u201d.<\/p>\n<p>\u201cQuiero que conozca in situ la situaci\u00f3n que vivimos y darle una respuesta inmediata a los vecinos que buscan seguridad. Se avanz\u00f3 en ese di\u00e1logo, la posici\u00f3n del Ministro ha sido optimista en el sentido de avanzar para que podamos bajar estos programas en forma inmediata en esos lugares\u201d, subray\u00f3.<\/p>\n<p>Sobre el final, cuestion\u00f3 la ausencia del gobernador Gustavo S\u00e1enz en los festejos por el cumplea\u00f1os n\u00famero 98 de la ciudad de Tartagal. \u201cEs importante la presencia de las autoridades porque es una muestra de respeto hacia la historia y, sobre todas las cosas, el presente y el futuro hacia d\u00f3nde va la ciudad\u201d, enfatiz\u00f3.<\/p>\n<p><a href=\"https:\/\/ariesonline.com.ar\/contenido\/80509\/buscan-llevar-a-la-frontera-norte-el-programa-corredor-seguro\">FUENTE: ARIES ONLINE<\/a><\/p>\n<\/div>\n","protected":false},"excerpt":{"rendered":"<p>El diputado Franco Hern\u00e1ndez (FdT) se mostr\u00f3 expectante tras la reuni\u00f3n con el ministro de Seguridad de Naci\u00f3n, An\u00edbal Fern\u00e1ndez. El diputado por San Mart\u00edn, Franco Hern\u00e1ndez Berni (FdT), destac\u00f3 el encuentro que mantuvo con el ministro de Seguridad de Naci\u00f3n, An\u00edbal Fern\u00e1ndez, a quien le plante\u00f3 su preocupaci\u00f3n por la situaci\u00f3n de los municipios [&hellip;]<\/p>\n","protected":false},"author":1,"featured_media":4132,"comment_status":"open","ping_status":"open","sticky":false,"template":"","format":"standard","meta":{"_jetpack_memberships_contains_paid_content":false,"jnews-multi-image_gallery":[],"jnews_single_post":{"source_name":"ARIES ONLINE","source_url":"https:\/\/ariesonline.com.ar\/contenido\/80509\/buscan-llevar-a-la-frontera-norte-el-programa-corredor-seguro","via_name":"","via_url":"","override_template":"0","override":[{"template":"1","single_blog_custom":"","parallax":"1","fullscreen":"1","layout":"no-sidebar","sidebar":"default-sidebar","second_sidebar":"default-sidebar","sticky_sidebar":"1","share_position":"topbottom","share_float_style":"share-monocrhome","show_share_counter":"1","show_view_counter":"1","show_featured":"1","show_post_meta":"1","show_post_author":"1","show_post_author_image":"1","show_post_date":"1","post_date_format":"default","post_date_format_custom":"Y\/m\/d","show_post_category":"1","show_post_reading_time":"0","post_reading_time_wpm":"300","show_zoom_button":"1","zoom_button_out_step":"2","zoom_button_in_step":"3","show_post_tag":"0","show_prev_next_post":"1","show_popup_post":"0","number_popup_post":"2","show_author_box":"1","show_post_related":"1","show_inline_post_related":"0"}],"override_image_size":"0","image_override":[{"single_post_thumbnail_size":"crop-715","single_post_gallery_size":"crop-500"}],"trending_post":"0","trending_post_position":"meta","trending_post_label":"Trending","sponsored_post":"0","sponsored_post_label":"Sponsored by","sponsored_post_name":"","sponsored_post_url":"","sponsored_post_logo_enable":"0","sponsored_post_logo":"","sponsored_post_desc":"","disable_ad":"0"},"jnews_primary_category":{"id":""},"jnews_override_bookmark_settings":{"override_bookmark_button":"0","override_show_bookmark_button":"0"},"jnews_social_meta":{"fb_title":"","fb_description":"","fb_image":"","twitter_title":"","twitter_description":"","twitter_image":""},"jnews_paywall_metabox":{"enable_premium_post":"0","paragraph_limit":"2","enable_preview_post":"0","preview_textbox":"","nonce":"877cda6ad1"},"jnews_override_counter":{"override_view_counter":"0","view_counter_number":"0","override_share_counter":"0","share_counter_number":"0","override_like_counter":"0","like_counter_number":"0","override_dislike_counter":"0","dislike_counter_number":"0"},"footnotes":"","jetpack_publicize_message":"","jetpack_publicize_feature_enabled":true,"jetpack_social_post_already_shared":false,"jetpack_social_options":{"image_generator_settings":{"template":"fullscreen","default_image_id":0,"font":"","enabled":false},"version":2},"_wpas_customize_per_network":false},"categories":[178,44,39,17,83],"tags":[],"class_list":["post-4130","post","type-post","status-publish","format-standard","has-post-thumbnail","hentry","category-diputados-provinciales","category-nacionales","category-noticias","category-politica","category-provinciales"],"jetpack_publicize_connections":[],"jetpack_featured_media_url":"https:\/\/canal8.info\/wp-content\/uploads\/2022\/06\/WhatsApp-Image-2022-06-15-at-6.33.23-PM.jpeg","jetpack_sharing_enabled":true,"jetpack_likes_enabled":true,"amp_enabled":true,"_links":{"self":[{"href":"https:\/\/canal8.info\/index.php?rest_route=\/wp\/v2\/posts\/4130","targetHints":{"allow":["GET"]}}],"collection":[{"href":"https:\/\/canal8.info\/index.php?rest_route=\/wp\/v2\/posts"}],"about":[{"href":"https:\/\/canal8.info\/index.php?rest_route=\/wp\/v2\/types\/post"}],"author":[{"embeddable":true,"href":"https:\/\/canal8.info\/index.php?rest_route=\/wp\/v2\/users\/1"}],"replies":[{"embeddable":true,"href":"https:\/\/canal8.info\/index.php?rest_route=%2Fwp%2Fv2%2Fcomments&post=4130"}],"version-history":[{"count":1,"href":"https:\/\/canal8.info\/index.php?rest_route=\/wp\/v2\/posts\/4130\/revisions"}],"predecessor-version":[{"id":4133,"href":"https:\/\/canal8.info\/index.php?rest_route=\/wp\/v2\/posts\/4130\/revisions\/4133"}],"wp:featuredmedia":[{"embeddable":true,"href":"https:\/\/canal8.info\/index.php?rest_route=\/wp\/v2\/media\/4132"}],"wp:attachment":[{"href":"https:\/\/canal8.info\/index.php?rest_route=%2Fwp%2Fv2%2Fmedia&parent=4130"}],"wp:term":[{"taxonomy":"category","embeddable":true,"href":"https:\/\/canal8.info\/index.php?rest_route=%2Fwp%2Fv2%2Fcategories&post=4130"},{"taxonomy":"post_tag","embeddable":true,"href":"https:\/\/canal8.info\/index.php?rest_route=%2Fwp%2Fv2%2Ftags&post=4130"}],"curies":[{"name":"wp","href":"https:\/\/api.w.org\/{rel}","templated":true}]}}