{"id":2961,"date":"2021-04-10T15:37:34","date_gmt":"2021-04-10T15:37:34","guid":{"rendered":"https:\/\/canal8.info\/?p=2961"},"modified":"2021-04-10T15:40:52","modified_gmt":"2021-04-10T15:40:52","slug":"borrador-automatico","status":"publish","type":"post","link":"https:\/\/canal8.info\/?p=2961","title":{"rendered":"El exconcejal salte\u00f1o acusado de narco podr\u00eda pasar m\u00e1s de 14 a\u00f1os en la c\u00e1rcel"},"content":{"rendered":"<h2 class=\"description\">Mauricio Ger\u00f3nimo permaneci\u00f3 m\u00e1s de 3 a\u00f1os pr\u00f3fugo hasta que lo detuvieron en Bolivia.<\/h2>\n<div class=\"zone global\">\n<div class=\"piece banner standard\">\n<div id=\"adbanner\" class=\"adbanner\" data-type=\"dfp\">\n<p>El nombre de Mauricio Ger\u00f3nimo se hizo tristemente c\u00e9lebre hace 5 a\u00f1os en todo el pa\u00eds. Se trata del exconcejal de\u00a0<b><a href=\"http:\/\/anuncian%20un%20fin%20de%20semana%20pasado%20por%20agua%20en%20salta\/\">Salvador Mazza<\/a><\/b>\u00a0involucrado en una causa por\u00a0<b><a href=\"https:\/\/es.wikipedia.org\/wiki\/Narcotr%C3%A1fico\">narcotr\u00e1fico<\/a><\/b>. Fue el 14 de febrero de 2016 cuando se secuestr\u00f3 un cargamento de 267 kilos de coca\u00edna en la Ruta Nacional N\u00ba 16, a 5 kil\u00f3metros de la localidad santiague\u00f1a de Taco Pozo.<\/p>\n<div class=\"zone \">\n<div class=\"piece banner standard\">\n<div id=\"adbanner\" class=\"adbanner\" data-type=\"dfp\">\n<p>Ahora se lleva a cabo el juicio y el proceso se encuentra en el tramo final. Luego de dos semanas de audiencias y del desfile de m\u00e1s de 25 testigos, hoy a la ma\u00f1ana tuvo lugar la etapa de alegatos y\u00a0<span class=\"highlight\">el fiscal general Carlos Mart\u00edn Amad pidi\u00f3 al Tribunal Or\u00e1n Federal N\u00ba 2 de Salta la pena de 14 a\u00f1os y 8 meses de prisi\u00f3n para el exconcejal de Salvador Mazza por el delito de transporte agravado de estupefacientes, en calidad de coautar.<\/span><\/p>\n<p>Seg\u00fan public\u00f3 FM Aries,\u00a0<span class=\"highlight\">la querella a cargo de los abogados Miguel Mogrovejo y Javier Jara solicit\u00f3 en representaci\u00f3n de la Unidad de Informaci\u00f3n Financiera (UIF) la pena de 16 a\u00f1os de prisi\u00f3n para Mauricio Ger\u00f3nimo a qui\u00e9n consideran organizador del delito de transporte de estupefacientes agravado.<\/span><\/p>\n<div id=\"sc_intxt_container\">\n<div><\/div>\n<\/div>\n<\/div>\n<\/div>\n<\/div>\n<\/div>\n<\/div>\n<\/div>\n","protected":false},"excerpt":{"rendered":"<p>Mauricio Ger\u00f3nimo permaneci\u00f3 m\u00e1s de 3 a\u00f1os pr\u00f3fugo hasta que lo detuvieron en Bolivia. El nombre de Mauricio Ger\u00f3nimo se hizo tristemente c\u00e9lebre hace 5 a\u00f1os en todo el pa\u00eds. Se trata del exconcejal de\u00a0Salvador Mazza\u00a0involucrado en una causa por\u00a0narcotr\u00e1fico. Fue el 14 de febrero de 2016 cuando se secuestr\u00f3 un cargamento de 267 kilos [&hellip;]<\/p>\n","protected":false},"author":1,"featured_media":2962,"comment_status":"open","ping_status":"open","sticky":false,"template":"","format":"standard","meta":{"_jetpack_memberships_contains_paid_content":false,"jnews-multi-image_gallery":[],"jnews_single_post":{"source_name":"QUE PASA SALTA","source_url":"https:\/\/www.quepasasalta.com.ar\/policiales\/acusan-a-concejal-de-traficar-droga-y-podria-pasar-varios-anos-en-la-carcel\/","via_name":"","via_url":"","override_template":"0","override":[{"template":"1","single_blog_custom":"","parallax":"1","fullscreen":"1","layout":"right-sidebar","sidebar":"default-sidebar","second_sidebar":"default-sidebar","sticky_sidebar":"1","share_position":"top","share_float_style":"share-monocrhome","show_share_counter":"1","show_view_counter":"1","show_featured":"1","show_post_meta":"1","show_post_author":"1","show_post_author_image":"1","show_post_date":"1","post_date_format":"default","post_date_format_custom":"Y\/m\/d","show_post_category":"1","show_post_reading_time":"0","post_reading_time_wpm":"300","show_zoom_button":"0","zoom_button_out_step":"2","zoom_button_in_step":"3","show_post_tag":"1","show_prev_next_post":"1","show_popup_post":"1","number_popup_post":"1","show_author_box":"0","show_post_related":"0","show_inline_post_related":"0"}],"override_image_size":"0","image_override":[{"single_post_thumbnail_size":"crop-500","single_post_gallery_size":"crop-500"}],"trending_post":"0","trending_post_position":"meta","trending_post_label":"Trending","sponsored_post":"0","sponsored_post_label":"Sponsored by","sponsored_post_name":"","sponsored_post_url":"","sponsored_post_logo_enable":"0","sponsored_post_logo":"","sponsored_post_desc":""},"jnews_primary_category":{"id":""},"jnews_override_bookmark_settings":[],"jnews_social_meta":{"fb_title":"El exconcejal salte\u00f1o acusado de narco podr\u00eda pasar m\u00e1s de 14 a\u00f1os en la c\u00e1rcel","fb_description":"Mauricio Ger\u00f3nimo permaneci\u00f3 m\u00e1s de 3 a\u00f1os pr\u00f3fugo hasta que lo detuvieron en Bolivia.","fb_image":"","twitter_title":"","twitter_description":"","twitter_image":""},"jnews_paywall_metabox":[],"jnews_override_counter":{"override_view_counter":"0","view_counter_number":"0","override_share_counter":"0","share_counter_number":"0","override_like_counter":"0","like_counter_number":"0","override_dislike_counter":"0","dislike_counter_number":"0"},"footnotes":"","jetpack_publicize_message":"","jetpack_publicize_feature_enabled":true,"jetpack_social_post_already_shared":false,"jetpack_social_options":{"image_generator_settings":{"template":"fullscreen","default_image_id":0,"font":"","enabled":false},"version":2},"_wpas_customize_per_network":false},"categories":[39,85,17,83],"tags":[],"class_list":["post-2961","post","type-post","status-publish","format-standard","has-post-thumbnail","hentry","category-noticias","category-policiales","category-politica","category-provinciales"],"jetpack_publicize_connections":[],"jetpack_featured_media_url":"https:\/\/canal8.info\/wp-content\/uploads\/2021\/04\/6070d7c5d7983-scaled.jpg","jetpack_sharing_enabled":true,"jetpack_likes_enabled":true,"amp_enabled":true,"_links":{"self":[{"href":"https:\/\/canal8.info\/index.php?rest_route=\/wp\/v2\/posts\/2961","targetHints":{"allow":["GET"]}}],"collection":[{"href":"https:\/\/canal8.info\/index.php?rest_route=\/wp\/v2\/posts"}],"about":[{"href":"https:\/\/canal8.info\/index.php?rest_route=\/wp\/v2\/types\/post"}],"author":[{"embeddable":true,"href":"https:\/\/canal8.info\/index.php?rest_route=\/wp\/v2\/users\/1"}],"replies":[{"embeddable":true,"href":"https:\/\/canal8.info\/index.php?rest_route=%2Fwp%2Fv2%2Fcomments&post=2961"}],"version-history":[{"count":2,"href":"https:\/\/canal8.info\/index.php?rest_route=\/wp\/v2\/posts\/2961\/revisions"}],"predecessor-version":[{"id":2964,"href":"https:\/\/canal8.info\/index.php?rest_route=\/wp\/v2\/posts\/2961\/revisions\/2964"}],"wp:featuredmedia":[{"embeddable":true,"href":"https:\/\/canal8.info\/index.php?rest_route=\/wp\/v2\/media\/2962"}],"wp:attachment":[{"href":"https:\/\/canal8.info\/index.php?rest_route=%2Fwp%2Fv2%2Fmedia&parent=2961"}],"wp:term":[{"taxonomy":"category","embeddable":true,"href":"https:\/\/canal8.info\/index.php?rest_route=%2Fwp%2Fv2%2Fcategories&post=2961"},{"taxonomy":"post_tag","embeddable":true,"href":"https:\/\/canal8.info\/index.php?rest_route=%2Fwp%2Fv2%2Ftags&post=2961"}],"curies":[{"name":"wp","href":"https:\/\/api.w.org\/{rel}","templated":true}]}}