{"id":2715,"date":"2020-11-16T14:26:38","date_gmt":"2020-11-16T14:26:38","guid":{"rendered":"http:\/\/canal8.info\/?p=2715"},"modified":"2020-11-16T14:27:04","modified_gmt":"2020-11-16T14:27:04","slug":"casa-justina-en-metan-avanza-el-proyecto-de-un-espacio-de-contencion-para-personas-trasplantadas","status":"publish","type":"post","link":"https:\/\/canal8.info\/?p=2715","title":{"rendered":"Casa Justina en Met\u00e1n: Avanza el proyecto de un espacio de contenci\u00f3n para personas trasplantadas"},"content":{"rendered":"<p>La iniciativa promueve el espacio de contenci\u00f3n para personas trasplantadas y sus familias, que surge luego de que fuera promulgada la Ley Justina.<\/p>\n<p>El secretario General de la Gobernaci\u00f3n,\u00a0<strong>Mat\u00edas Posadas,<\/strong>\u00a0se reuni\u00f3 este mi\u00e9rcoles con la presidenta y fundadora de la\u00a0<strong>Asociaci\u00f3n Civil No + Hambre<\/strong>, Jimena Gallardo y Ezequiel Lo Cane, que impulsan el proyecto \u201c<strong>Casa Justina<\/strong>\u201d en Met\u00e1n.<\/p>\n<p>En la reuni\u00f3n tambi\u00e9n participaron la secretaria de Discapacidad de Salta, Mariana Rom\u00e1n, el intendente de San Jos\u00e9 de Met\u00e1n, Jos\u00e9 Mar\u00eda Issa, y el intendente de Las Heras, Daniel Orozco, quien comparti\u00f3 la experiencia del desarrollo del proyecto en esa ciudad, en la provincia de Mendoza.<\/p>\n<p>El proyecto Casa Justina, liderado por Ezequiel Lo Cane, naci\u00f3 a partir de la promulgaci\u00f3n de la Ley Justina, impulsada a ra\u00edz de la experiencia de su hija. La iniciativa busca mejorar el proceso del trasplante de \u00f3rganos, concientizar sobre su importancia y contener a quienes lo atraviesan. Con este proyecto, que se desarrolla en diferentes puntos del pa\u00eds, \u00abbuscamos generar un espacio de contenci\u00f3n para personas trasplantadas y sus familias\u201d, mencionaron durante la reuni\u00f3n.<\/p>\n<p>\u201cEn nombre del gobernador Gustavo S\u00e1enz, agradezco el enorme trabajo que est\u00e1n haciendo y por pensar en Salta para que sea parte de este proyecto tan noble\u201d, dijo Posadas al tiempo que comprometi\u00f3 el apoyo del Gobierno de la Provincia para llevarlo adelante.<\/p>\n<p>Por su parte, el Intendente de Met\u00e1n, expres\u00f3 que \u201cestamos muy orgullosos de que podamos ser parte del proyecto Casa Justina\u201d al tiempo que mencion\u00f3 el trabajo que ya viene desarrollando la Asociaci\u00f3n Civil No + Hambre con el programa Granja y el Centro de D\u00eda en Met\u00e1n \u00a0brindando un importante acompa\u00f1amiento a la comunidad.<\/p>\n","protected":false},"excerpt":{"rendered":"<p>La iniciativa promueve el espacio de contenci\u00f3n para personas trasplantadas y sus familias, que surge luego de que fuera promulgada la Ley Justina. El secretario General de la Gobernaci\u00f3n,\u00a0Mat\u00edas Posadas,\u00a0se reuni\u00f3 este mi\u00e9rcoles con la presidenta y fundadora de la\u00a0Asociaci\u00f3n Civil No + Hambre, Jimena Gallardo y Ezequiel Lo Cane, que impulsan el proyecto \u201cCasa [&hellip;]<\/p>\n","protected":false},"author":1,"featured_media":2716,"comment_status":"open","ping_status":"open","sticky":false,"template":"","format":"standard","meta":{"_jetpack_memberships_contains_paid_content":false,"jnews-multi-image_gallery":[],"jnews_single_post":{"source_name":"","source_url":"","via_name":"","via_url":"","override_template":"0","override":[{"template":"1","single_blog_custom":"","parallax":"1","fullscreen":"0","layout":"right-sidebar","sidebar":"default-sidebar","second_sidebar":"default-sidebar","sticky_sidebar":"1","share_position":"top","share_float_style":"share-monocrhome","show_share_counter":"1","show_view_counter":"1","show_featured":"1","show_post_meta":"1","show_post_author":"1","show_post_author_image":"1","show_post_date":"1","post_date_format":"default","post_date_format_custom":"Y\/m\/d","show_post_category":"1","show_post_reading_time":"0","post_reading_time_wpm":"300","show_zoom_button":"0","zoom_button_out_step":"2","zoom_button_in_step":"3","show_post_tag":"1","show_prev_next_post":"1","show_popup_post":"1","number_popup_post":"1","show_author_box":"0","show_post_related":"0","show_inline_post_related":"0"}],"override_image_size":"0","image_override":[{"single_post_thumbnail_size":"crop-500","single_post_gallery_size":"crop-500"}],"trending_post":"0","trending_post_position":"meta","trending_post_label":"Trending","sponsored_post":"0","sponsored_post_label":"Sponsored by","sponsored_post_name":"","sponsored_post_url":"","sponsored_post_logo_enable":"0","sponsored_post_logo":"","sponsored_post_desc":""},"jnews_primary_category":{"id":""},"jnews_override_bookmark_settings":[],"jnews_social_meta":{"fb_title":"","fb_description":"","fb_image":"","twitter_title":"","twitter_description":"","twitter_image":""},"jnews_paywall_metabox":[],"jnews_override_counter":{"override_view_counter":"0","view_counter_number":"0","override_share_counter":"0","share_counter_number":"0","override_like_counter":"0","like_counter_number":"0","override_dislike_counter":"0","dislike_counter_number":"0"},"footnotes":"","jetpack_publicize_message":"","jetpack_publicize_feature_enabled":true,"jetpack_social_post_already_shared":false,"jetpack_social_options":{"image_generator_settings":{"template":"fullscreen","default_image_id":0,"font":"","enabled":false},"version":2},"_wpas_customize_per_network":false},"categories":[39,83,84],"tags":[],"class_list":["post-2715","post","type-post","status-publish","format-standard","has-post-thumbnail","hentry","category-noticias","category-provinciales","category-salud"],"jetpack_publicize_connections":[],"jetpack_featured_media_url":"https:\/\/canal8.info\/wp-content\/uploads\/2020\/11\/73018-casa-justina-en-metan-avanza-el-proyecto-de-un-espacio-de-contencion-para-personas-trasplantadas.jpeg","jetpack_sharing_enabled":true,"jetpack_likes_enabled":true,"amp_enabled":true,"_links":{"self":[{"href":"https:\/\/canal8.info\/index.php?rest_route=\/wp\/v2\/posts\/2715","targetHints":{"allow":["GET"]}}],"collection":[{"href":"https:\/\/canal8.info\/index.php?rest_route=\/wp\/v2\/posts"}],"about":[{"href":"https:\/\/canal8.info\/index.php?rest_route=\/wp\/v2\/types\/post"}],"author":[{"embeddable":true,"href":"https:\/\/canal8.info\/index.php?rest_route=\/wp\/v2\/users\/1"}],"replies":[{"embeddable":true,"href":"https:\/\/canal8.info\/index.php?rest_route=%2Fwp%2Fv2%2Fcomments&post=2715"}],"version-history":[{"count":1,"href":"https:\/\/canal8.info\/index.php?rest_route=\/wp\/v2\/posts\/2715\/revisions"}],"predecessor-version":[{"id":2717,"href":"https:\/\/canal8.info\/index.php?rest_route=\/wp\/v2\/posts\/2715\/revisions\/2717"}],"wp:featuredmedia":[{"embeddable":true,"href":"https:\/\/canal8.info\/index.php?rest_route=\/wp\/v2\/media\/2716"}],"wp:attachment":[{"href":"https:\/\/canal8.info\/index.php?rest_route=%2Fwp%2Fv2%2Fmedia&parent=2715"}],"wp:term":[{"taxonomy":"category","embeddable":true,"href":"https:\/\/canal8.info\/index.php?rest_route=%2Fwp%2Fv2%2Fcategories&post=2715"},{"taxonomy":"post_tag","embeddable":true,"href":"https:\/\/canal8.info\/index.php?rest_route=%2Fwp%2Fv2%2Ftags&post=2715"}],"curies":[{"name":"wp","href":"https:\/\/api.w.org\/{rel}","templated":true}]}}